{"id":1932,"date":"2024-03-20T14:48:32","date_gmt":"2024-03-20T14:48:32","guid":{"rendered":"https:\/\/www.improof.lu\/?p=1932"},"modified":"2025-04-08T12:48:55","modified_gmt":"2025-04-08T12:48:55","slug":"arbeitszeitverkuerzung","status":"publish","type":"post","link":"https:\/\/www.improof.lu\/de\/articles\/arbeitszeitverkuerzung\/","title":{"rendered":"Arbeitszeitverk\u00fcrzung \u2013 gut f\u00fcr Besch\u00e4ftigte, gut f\u00fcrs Klima"},"content":{"rendered":"<p>Was wir einkaufen, wie wir uns fortbewegen und wohin wir auf Urlaub fahren \u2013 damit besch\u00e4ftigen wir uns in der Klimadebatte schon lange. Doch um Emissionen zu senken, m\u00fcssen wir nicht nur unseren Konsum neu denken, sondern auch die T\u00e4tigkeit, mit der wir am meisten Zeit verbringen: unsere Erwerbsarbeit. Eine Verk\u00fcrzung der Arbeitszeit bietet Chancen f\u00fcr <a href=\"https:\/\/www.awblog.at\/Arbeit\/klimagerechte-gewerkschaftsarbeit\" target=\"_blank\" rel=\"noopener\"><span style=\"text-decoration: underline;\"><em>breite politische B\u00fcndnisse<\/em><\/span><\/a> und eine bessere Zukunft f\u00fcr alle.<\/p>\n<h2>Was hat Arbeit mit dem Klima zu tun?<\/h2>\n<p>Erwerbsarbeit, wie sie heute organisiert ist, ist mit zahlreichen umweltsch\u00e4dlichen Prozessen verkn\u00fcpft. Als Produktionsfaktor umfasst sie viele T\u00e4tigkeiten und Abl\u00e4ufe, die mit hohem Energie- und Ressourcenverbrauch verbunden sind. Das gilt vor allem f\u00fcr den Produktionssektor. Doch auch Dienstleistungen sind nicht unbedingt umweltschonend, z. B. der Transportsektor oder weil sie auf der vorgelagerten Produktion von G\u00fctern basieren.<\/p>\n<p>Gleichzeitig ist Erwerbsarbeit ein wichtiger Treiber von Wirtschaftswachstum. Steigt die Arbeitsproduktivit\u00e4t, ist weniger Arbeitszeit erforderlich, um dieselbe Menge an G\u00fctern und Dienstleistungen herzustellen. Unternehmen ben\u00f6tigen dann weniger Besch\u00e4ftigte und Arbeitnehmer:innen verlieren ihre Arbeitspl\u00e4tze. Dieser Mechanismus wird durch Wirtschaftswachstum ausgeglichen, also steigende Produktion. Im gegenw\u00e4rtigen System ist daher Wachstum notwendig, um bei steigender Produktivit\u00e4t Arbeitsplatzverluste zu verhindern. Gleichzeitig ist Wirtschaftswachstum eng verkn\u00fcpft mit einer <a href=\"https:\/\/iopscience.iop.org\/article\/10.1088\/1748-9326\/ab842a\" target=\"_blank\" rel=\"noopener\"><span style=\"text-decoration: underline;\"><em>zunehmenden Umweltbelastung<\/em><\/span><\/a>.<\/p>\n<p>Erwerbsarbeit ist dar\u00fcber hinaus auf individueller Ebene mit nicht nachhaltigen Lebensweisen verbunden. Zum einen haben die meisten Menschen keine andere Wahl als zu arbeiten, um Einkommen und soziale Absicherung zu erhalten. Gleichzeitig strukturiert Erwerbsarbeit den Alltag au\u00dferhalb der beruflichen T\u00e4tigkeit und schr\u00e4nkt M\u00f6glichkeiten f\u00fcr klimafreundliches Handeln ein. Viele Menschen sind in einer Spirale langer Arbeitszeiten, hoher Einkommen und steigenden Konsumniveaus gefangen, was in der Literatur als <a href=\"https:\/\/www.hachettebookgroup.com\/titles\/juliet-b-schor\/the-overworked-american\/9780465054343\/?lens=basic-books\" target=\"_blank\" rel=\"noopener\"><span style=\"text-decoration: underline;\"><em>\u201eWork-and-Spend-Cycle\u201c<\/em><\/span><\/a> bezeichnet wird. Klimafreundliche T\u00e4tigkeiten sind oft zeitintensiv, etwa Bahnfahrten verglichen mit Fl\u00fcgen. Ausufernde Arbeitszeiten beg\u00fcnstigen daher zeitsparende, aber ressourcenintensive Praktiken. Mentale und k\u00f6rperliche Belastungen am Arbeitsplatz machen es zudem wahrscheinlich, dass Besch\u00e4ftigte einen Ausgleich \u00fcber Konsum suchen.<\/p>\n<p>Aus diesem Grund ist Arbeitszeitverk\u00fcrzung eine zentrale Stellschraube, um klimafreundliche Praktiken au\u00dferhalb der Erwerbsarbeit \u00fcberhaupt zu erm\u00f6glichen. Weniger Erwerbsarbeit bedeutet aber auch weniger CO2-Emissionen in der Produktion.<\/p>\n<h2>Produktionsseitige Effekte<\/h2>\n<p>Die Debatte um die Umweltwirkungen einer Arbeitszeitverk\u00fcrzung dreht sich oft um die Frage, was Besch\u00e4ftigte mit der zus\u00e4tzlichen freien Zeit machen. Das ist aber zu kurz gegriffen. Mehr Freizeit f\u00fchrt nicht zwangsl\u00e4ufig zu h\u00f6herem Konsum, vor allem wenn sie durch <a href=\"https:\/\/www.rezeitkon.de\/wordpress\/wp-content\/uploads\/2020\/11\/WP_Gerold_Geiger_Corona.pdf\" target=\"_blank\" rel=\"noopener\"><span style=\"text-decoration: underline;\"><em>k\u00fcrzere t\u00e4gliche Arbeitszeiten<\/em><\/span><\/a> entsteht. Zudem wird die Verantwortung f\u00fcr Nachhaltigkeit dadurch einmal mehr auf das Verhalten einzelner Konsument:innen geschoben. Die Verantwortung von Unternehmen und politischer Regulierung ger\u00e4t dabei oft aus dem Blick.<\/p>\n<p>Eine Arbeitszeitverk\u00fcrzung ist ein zentraler Hebel, um produktionsseitig Emissionen und Ressourcen einzusparen. Manche Branchen sind so klimasch\u00e4dlich, dass Stilllegungen oder ein R\u00fcckbau erforderlich sind. Kohle-, Luftfahrt-, Stahl- oder Automobilbranche sind Beispiele daf\u00fcr. Gleichzeitig gibt es Bereiche, deren sozialer Nutzen fragw\u00fcrdig ist, z. B. Werbung und Marketing, die Gl\u00fccksspielbranche oder bestimmte Finanzdienstleistungen. In diesen Branchen kann eine <a href=\"https:\/\/konzeptwerk-neue-oekonomie.org\/wp-content\/uploads\/2023\/01\/Dossier_Arbeitszeitverkuerzung_KNOE2023.pdf\" target=\"_blank\" rel=\"noopener\"><span style=\"text-decoration: underline;\"><em>Arbeitszeitverk\u00fcrzung ohne Personalausgleich<\/em><\/span><\/a> helfen, Besch\u00e4ftigungsverluste abzufedern.<\/p>\n<p>Umweltentlastungen sind auch m\u00f6glich, wenn beispielsweise durch eine 4-Tage-Woche die Betriebs- oder \u00d6ffnungszeiten reduziert werden und Energie f\u00fcr Heizen und Beleuchtung wegf\u00e4llt.<\/p>\n<p>Zudem k\u00f6nnte Arbeitszeitverk\u00fcrzung dazu beitragen, den Wachstumsdruck zu verringern. Immer mehr Studien zeigen, dass sogenanntes \u201egr\u00fcnes Wachstum\u201c <a href=\"https:\/\/pubmed.ncbi.nlm.nih.gov\/37673546\/\" target=\"_blank\" rel=\"noopener\"><span style=\"text-decoration: underline;\"><em>nicht realistisch ist<\/em><\/span><\/a>. Wenn wir die Klimaziele erreichen wollen, dann ist ein R\u00fcckbau notwendig. Indem das sinkende Arbeitsvolumen auf mehr K\u00f6pfe aufgeteilt wird, l\u00e4sst sich Arbeitslosigkeit verhindern.<\/p>\n<h2>Weshalb eine Arbeitszeitverk\u00fcrzung gerade in Zeiten des \u201eFachkr\u00e4ftemangels\u201c wichtig ist<\/h2>\n<p>In der \u00f6ffentlichen Debatte um den sogenannten Fachkr\u00e4ftemangel werden die Chancen einer Arbeitszeitverk\u00fcrzung oft ausgeblendet. Dabei liegen die Gr\u00fcnde oft in unattraktiven Arbeitsbedingungen und schlechter Bezahlung. Eine Arbeitszeitverk\u00fcrzung kann <a href=\"https:\/\/www.awblog.at\/Arbeit\/arbeitszeitverkuerzung-eine-reale-utopie\" target=\"_blank\" rel=\"noopener\"><span style=\"text-decoration: underline;\"><em>jene Branchen attraktiver machen<\/em><\/span><\/a>, in denen derzeit aufgrund hoher Arbeitsbelastung Fachkr\u00e4fte fehlen. Eine gro\u00df angelegte Pilotstudie im Vereinigten K\u00f6nigreich zeigt, dass Selbst-K\u00fcndigungen in Betrieben, die eine 4-Tage-Woche eingef\u00fchrt haben, <a href=\"https:\/\/www.rosalux.de\/fileadmin\/rls_uploads\/pdfs\/Artikel\/6-23_Onl-Publ_Die_Vier-Tage-Woche.pdf\" target=\"_blank\" rel=\"noopener\"><span style=\"text-decoration: underline;\"><em>zur\u00fcckgegangen sind<\/em><\/span><\/a>. Zudem k\u00f6nnten k\u00fcrzere Arbeitszeiten gesundheitliche Belastungen verringern und so Arbeitskr\u00e4fteknappheit entgegenwirken.<\/p>\n<p>Die Arbeitnehmer:innenvertretung sollte die Arbeitskr\u00e4fteknappheit als Chance sehen: Zum einen erleichtert sie den R\u00fcckbau nicht nachhaltiger Branchen bzw. von Bereichen, die nur bedingt zur Befriedigung gesellschaftlicher Bed\u00fcrfnisse beitragen. Hier ist auch eine breite Umschulungs- und Qualifizierungsoffensive notwendig, um Besch\u00e4ftigte in klimasch\u00e4dlichen Branchen f\u00fcr nachhaltige und gesellschaftlich notwendige Bereiche auszubilden. Gleichzeitig bedeutet eine Arbeitskr\u00e4fteknappheit immer auch, dass sich Machtverh\u00e4ltnisse zugunsten der Arbeitnehmer:innen verschieben. <a href=\"https:\/\/www.awblog.at\/Arbeit\/jetzt-ist-der-beste-zeitpunkt-fuer-arbeitszeitverkuerzung\" target=\"_blank\" rel=\"noopener\"><span style=\"text-decoration: underline;\"><em>Diese Macht sollte gerade jetzt genutzt werden<\/em><\/span><\/a> \u2013 nicht nur, um f\u00fcr bessere Arbeitsbedingungen und angemessene L\u00f6hne zu k\u00e4mpfen, sondern auch f\u00fcr eine kollektive Arbeitszeitverk\u00fcrzung!<\/p>\n<p><strong>Dieser Artikel ist zuerst im <a href=\"https:\/\/www.awblog.at\/Arbeit\/Arbeitszeitverkuerzung-gut-fuer-Beschaeftigte-gut-fuers-Klima\" target=\"_blank\" rel=\"noopener\"><span style=\"text-decoration: underline;\"><em>A&amp;W Blog<\/em><\/span><\/a> erschienen<\/strong><\/p>\n<p><strong>Foto: <a href=\"https:\/\/unsplash.com\/fr\/@dylan_nolte?utm_content=creditCopyText&amp;utm_medium=referral&amp;utm_source=unsplash\" target=\"_blank\" rel=\"noopener\"><span style=\"text-decoration: underline;\"><em>dylan nolte<\/em><\/span><\/a> \/ <a href=\"https:\/\/unsplash.com\/fr\/photos\/personnes-a-linterieur-dun-immeuble-de-grande-hauteur-avec-un-mur-en-beton-NIrgENd0sAY?utm_content=creditCopyText&amp;utm_medium=referral&amp;utm_source=unsplash\" target=\"_blank\" rel=\"noopener\"><span style=\"text-decoration: underline;\"><em>Unsplash<\/em><\/span><\/a><\/strong><\/p>\n","protected":false},"excerpt":{"rendered":"<p>Was wir einkaufen, wie wir uns fortbewegen und wohin wir auf Urlaub fahren \u2013 damit besch\u00e4ftigen wir uns in der Klimadebatte schon lange. Doch um Emissionen zu senken, m\u00fcssen wir nicht nur unseren Konsum neu denken, sondern auch die T\u00e4tigkeit, mit der wir am meisten Zeit verbringen: unsere Erwerbsarbeit.<\/p>\n","protected":false},"author":11,"featured_media":0,"comment_status":"open","ping_status":"open","sticky":false,"template":"","format":"standard","meta":{"_acf_changed":false,"footnotes":""},"categories":[3],"tags":[],"class_list":["post-1932","post","type-post","status-publish","format-standard","hentry","category-unkategorisiert","topic-arbeit","topic-nachhaltige-entwicklung","format-text-de"],"acf":[],"yoast_head":"<!-- This site is optimized with the Yoast SEO plugin v23.9 - https:\/\/yoast.com\/wordpress\/plugins\/seo\/ -->\n<title>Arbeitszeitverk\u00fcrzung \u2013 gut f\u00fcr Besch\u00e4ftigte, gut f\u00fcrs Klima - Improof<\/title>\n<meta name=\"robots\" content=\"index, follow, max-snippet:-1, max-image-preview:large, max-video-preview:-1\" \/>\n<link rel=\"canonical\" href=\"https:\/\/www.improof.lu\/de\/articles\/arbeitszeitverkuerzung\/\" \/>\n<meta property=\"og:locale\" content=\"de_DE\" \/>\n<meta property=\"og:type\" content=\"article\" \/>\n<meta property=\"og:title\" content=\"Arbeitszeitverk\u00fcrzung \u2013 gut f\u00fcr Besch\u00e4ftigte, gut f\u00fcrs Klima\" \/>\n<meta property=\"og:description\" content=\"Was wir einkaufen, wie wir uns fortbewegen und wohin wir auf Urlaub fahren \u2013 damit besch\u00e4ftigen wir uns in der Klimadebatte schon lange. Doch um Emissionen zu senken, m\u00fcssen wir nicht nur unseren Konsum neu denken, sondern auch die T\u00e4tigkeit, mit der wir am meisten Zeit verbringen: unsere Erwerbsarbeit.\" \/>\n<meta property=\"og:url\" content=\"https:\/\/www.improof.lu\/de\/articles\/arbeitszeitverkuerzung\/\" \/>\n<meta property=\"og:site_name\" content=\"Improof\" \/>\n<meta property=\"article:published_time\" content=\"2024-03-20T14:48:32+00:00\" \/>\n<meta property=\"article:modified_time\" content=\"2025-04-08T12:48:55+00:00\" \/>\n<meta property=\"og:image\" content=\"https:\/\/www.improof.lu\/app\/uploads\/2024\/03\/BildAK.jpg\" \/>\n\t<meta property=\"og:image:width\" content=\"1920\" \/>\n\t<meta property=\"og:image:height\" content=\"1076\" \/>\n\t<meta property=\"og:image:type\" content=\"image\/jpeg\" \/>\n<meta name=\"author\" content=\"Nermin Plavsic\" \/>\n<meta name=\"twitter:card\" content=\"summary_large_image\" \/>\n<meta name=\"twitter:title\" content=\"Arbeitszeitverk\u00fcrzung \u2013 gut f\u00fcr Besch\u00e4ftigte, gut f\u00fcrs Klima\" \/>\n<meta name=\"twitter:description\" content=\"Was wir einkaufen, wie wir uns fortbewegen und wohin wir auf Urlaub fahren \u2013 damit besch\u00e4ftigen wir uns in der Klimadebatte schon lange. Doch um Emissionen zu senken, m\u00fcssen wir nicht nur unseren Konsum neu denken, sondern auch die T\u00e4tigkeit, mit der wir am meisten Zeit verbringen: unsere Erwerbsarbeit.\" \/>\n<meta name=\"twitter:image\" content=\"https:\/\/www.improof.lu\/app\/uploads\/2024\/03\/BildAK.jpg\" \/>\n<meta name=\"twitter:label1\" content=\"Written by\" \/>\n\t<meta name=\"twitter:data1\" content=\"Nermin Plavsic\" \/>\n\t<meta name=\"twitter:label2\" content=\"Est. reading time\" \/>\n\t<meta name=\"twitter:data2\" content=\"4 minutes\" \/>\n<script type=\"application\/ld+json\" class=\"yoast-schema-graph\">{\"@context\":\"https:\/\/schema.org\",\"@graph\":[{\"@type\":\"Article\",\"@id\":\"https:\/\/www.improof.lu\/de\/articles\/arbeitszeitverkuerzung\/#article\",\"isPartOf\":{\"@id\":\"https:\/\/www.improof.lu\/de\/articles\/arbeitszeitverkuerzung\/\"},\"author\":{\"name\":\"Nermin Plavsic\",\"@id\":\"https:\/\/www.improof.lu\/de\/#\/schema\/person\/8b7e0720f9ab34bd8b12af9dbf2592a6\"},\"headline\":\"Arbeitszeitverk\u00fcrzung \u2013 gut f\u00fcr Besch\u00e4ftigte, gut f\u00fcrs Klima\",\"datePublished\":\"2024-03-20T14:48:32+00:00\",\"dateModified\":\"2025-04-08T12:48:55+00:00\",\"mainEntityOfPage\":{\"@id\":\"https:\/\/www.improof.lu\/de\/articles\/arbeitszeitverkuerzung\/\"},\"wordCount\":812,\"commentCount\":0,\"publisher\":{\"@id\":\"https:\/\/www.improof.lu\/de\/#organization\"},\"articleSection\":[\"Unkategorisiert\"],\"inLanguage\":\"de-DE\",\"potentialAction\":[{\"@type\":\"CommentAction\",\"name\":\"Comment\",\"target\":[\"https:\/\/www.improof.lu\/de\/articles\/arbeitszeitverkuerzung\/#respond\"]}]},{\"@type\":\"WebPage\",\"@id\":\"https:\/\/www.improof.lu\/de\/articles\/arbeitszeitverkuerzung\/\",\"url\":\"https:\/\/www.improof.lu\/de\/articles\/arbeitszeitverkuerzung\/\",\"name\":\"Arbeitszeitverk\u00fcrzung \u2013 gut f\u00fcr Besch\u00e4ftigte, gut f\u00fcrs Klima - Improof\",\"isPartOf\":{\"@id\":\"https:\/\/www.improof.lu\/de\/#website\"},\"datePublished\":\"2024-03-20T14:48:32+00:00\",\"dateModified\":\"2025-04-08T12:48:55+00:00\",\"breadcrumb\":{\"@id\":\"https:\/\/www.improof.lu\/de\/articles\/arbeitszeitverkuerzung\/#breadcrumb\"},\"inLanguage\":\"de-DE\",\"potentialAction\":[{\"@type\":\"ReadAction\",\"target\":[\"https:\/\/www.improof.lu\/de\/articles\/arbeitszeitverkuerzung\/\"]}]},{\"@type\":\"BreadcrumbList\",\"@id\":\"https:\/\/www.improof.lu\/de\/articles\/arbeitszeitverkuerzung\/#breadcrumb\",\"itemListElement\":[{\"@type\":\"ListItem\",\"position\":1,\"name\":\"Home\",\"item\":\"https:\/\/www.improof.lu\/de\/\"},{\"@type\":\"ListItem\",\"position\":2,\"name\":\"Arbeitszeitverk\u00fcrzung \u2013 gut f\u00fcr Besch\u00e4ftigte, gut f\u00fcrs Klima\"}]},{\"@type\":\"WebSite\",\"@id\":\"https:\/\/www.improof.lu\/de\/#website\",\"url\":\"https:\/\/www.improof.lu\/de\/\",\"name\":\"Improof\",\"description\":\"Tagline goes here\",\"publisher\":{\"@id\":\"https:\/\/www.improof.lu\/de\/#organization\"},\"potentialAction\":[{\"@type\":\"SearchAction\",\"target\":{\"@type\":\"EntryPoint\",\"urlTemplate\":\"https:\/\/www.improof.lu\/de\/?s={search_term_string}\"},\"query-input\":{\"@type\":\"PropertyValueSpecification\",\"valueRequired\":true,\"valueName\":\"search_term_string\"}}],\"inLanguage\":\"de-DE\"},{\"@type\":\"Organization\",\"@id\":\"https:\/\/www.improof.lu\/de\/#organization\",\"name\":\"Improof\",\"url\":\"https:\/\/www.improof.lu\/de\/\",\"logo\":{\"@type\":\"ImageObject\",\"inLanguage\":\"de-DE\",\"@id\":\"https:\/\/www.improof.lu\/de\/#\/schema\/logo\/image\/\",\"url\":\"https:\/\/www.improof.lu\/app\/uploads\/2022\/10\/improof-logo-svg.png\",\"contentUrl\":\"https:\/\/www.improof.lu\/app\/uploads\/2022\/10\/improof-logo-svg.png\",\"width\":652,\"height\":209,\"caption\":\"Improof\"},\"image\":{\"@id\":\"https:\/\/www.improof.lu\/de\/#\/schema\/logo\/image\/\"}},{\"@type\":\"Person\",\"@id\":\"https:\/\/www.improof.lu\/de\/#\/schema\/person\/8b7e0720f9ab34bd8b12af9dbf2592a6\",\"name\":\"Nermin Plavsic\",\"image\":{\"@type\":\"ImageObject\",\"inLanguage\":\"de-DE\",\"@id\":\"https:\/\/www.improof.lu\/de\/#\/schema\/person\/image\/\",\"url\":\"https:\/\/secure.gravatar.com\/avatar\/1b010c13286dbffe130fb77dd68cc999?s=96&d=mm&r=g\",\"contentUrl\":\"https:\/\/secure.gravatar.com\/avatar\/1b010c13286dbffe130fb77dd68cc999?s=96&d=mm&r=g\",\"caption\":\"Nermin Plavsic\"},\"url\":\"https:\/\/www.improof.lu\/de\/articles\/author\/nermin-plavsic\/\"}]}<\/script>\n<!-- \/ Yoast SEO plugin. -->","yoast_head_json":{"title":"Arbeitszeitverk\u00fcrzung \u2013 gut f\u00fcr Besch\u00e4ftigte, gut f\u00fcrs Klima - Improof","robots":{"index":"index","follow":"follow","max-snippet":"max-snippet:-1","max-image-preview":"max-image-preview:large","max-video-preview":"max-video-preview:-1"},"canonical":"https:\/\/www.improof.lu\/de\/articles\/arbeitszeitverkuerzung\/","og_locale":"de_DE","og_type":"article","og_title":"Arbeitszeitverk\u00fcrzung \u2013 gut f\u00fcr Besch\u00e4ftigte, gut f\u00fcrs Klima","og_description":"Was wir einkaufen, wie wir uns fortbewegen und wohin wir auf Urlaub fahren \u2013 damit besch\u00e4ftigen wir uns in der Klimadebatte schon lange. Doch um Emissionen zu senken, m\u00fcssen wir nicht nur unseren Konsum neu denken, sondern auch die T\u00e4tigkeit, mit der wir am meisten Zeit verbringen: unsere Erwerbsarbeit.","og_url":"https:\/\/www.improof.lu\/de\/articles\/arbeitszeitverkuerzung\/","og_site_name":"Improof","article_published_time":"2024-03-20T14:48:32+00:00","article_modified_time":"2025-04-08T12:48:55+00:00","og_image":[{"width":1920,"height":1076,"url":"https:\/\/www.improof.lu\/app\/uploads\/2024\/03\/BildAK.jpg","type":"image\/jpeg"}],"author":"Nermin Plavsic","twitter_card":"summary_large_image","twitter_title":"Arbeitszeitverk\u00fcrzung \u2013 gut f\u00fcr Besch\u00e4ftigte, gut f\u00fcrs Klima","twitter_description":"Was wir einkaufen, wie wir uns fortbewegen und wohin wir auf Urlaub fahren \u2013 damit besch\u00e4ftigen wir uns in der Klimadebatte schon lange. Doch um Emissionen zu senken, m\u00fcssen wir nicht nur unseren Konsum neu denken, sondern auch die T\u00e4tigkeit, mit der wir am meisten Zeit verbringen: unsere Erwerbsarbeit.","twitter_image":"https:\/\/www.improof.lu\/app\/uploads\/2024\/03\/BildAK.jpg","twitter_misc":{"Written by":"Nermin Plavsic","Est. reading time":"4 minutes"},"schema":{"@context":"https:\/\/schema.org","@graph":[{"@type":"Article","@id":"https:\/\/www.improof.lu\/de\/articles\/arbeitszeitverkuerzung\/#article","isPartOf":{"@id":"https:\/\/www.improof.lu\/de\/articles\/arbeitszeitverkuerzung\/"},"author":{"name":"Nermin Plavsic","@id":"https:\/\/www.improof.lu\/de\/#\/schema\/person\/8b7e0720f9ab34bd8b12af9dbf2592a6"},"headline":"Arbeitszeitverk\u00fcrzung \u2013 gut f\u00fcr Besch\u00e4ftigte, gut f\u00fcrs Klima","datePublished":"2024-03-20T14:48:32+00:00","dateModified":"2025-04-08T12:48:55+00:00","mainEntityOfPage":{"@id":"https:\/\/www.improof.lu\/de\/articles\/arbeitszeitverkuerzung\/"},"wordCount":812,"commentCount":0,"publisher":{"@id":"https:\/\/www.improof.lu\/de\/#organization"},"articleSection":["Unkategorisiert"],"inLanguage":"de-DE","potentialAction":[{"@type":"CommentAction","name":"Comment","target":["https:\/\/www.improof.lu\/de\/articles\/arbeitszeitverkuerzung\/#respond"]}]},{"@type":"WebPage","@id":"https:\/\/www.improof.lu\/de\/articles\/arbeitszeitverkuerzung\/","url":"https:\/\/www.improof.lu\/de\/articles\/arbeitszeitverkuerzung\/","name":"Arbeitszeitverk\u00fcrzung \u2013 gut f\u00fcr Besch\u00e4ftigte, gut f\u00fcrs Klima - Improof","isPartOf":{"@id":"https:\/\/www.improof.lu\/de\/#website"},"datePublished":"2024-03-20T14:48:32+00:00","dateModified":"2025-04-08T12:48:55+00:00","breadcrumb":{"@id":"https:\/\/www.improof.lu\/de\/articles\/arbeitszeitverkuerzung\/#breadcrumb"},"inLanguage":"de-DE","potentialAction":[{"@type":"ReadAction","target":["https:\/\/www.improof.lu\/de\/articles\/arbeitszeitverkuerzung\/"]}]},{"@type":"BreadcrumbList","@id":"https:\/\/www.improof.lu\/de\/articles\/arbeitszeitverkuerzung\/#breadcrumb","itemListElement":[{"@type":"ListItem","position":1,"name":"Home","item":"https:\/\/www.improof.lu\/de\/"},{"@type":"ListItem","position":2,"name":"Arbeitszeitverk\u00fcrzung \u2013 gut f\u00fcr Besch\u00e4ftigte, gut f\u00fcrs Klima"}]},{"@type":"WebSite","@id":"https:\/\/www.improof.lu\/de\/#website","url":"https:\/\/www.improof.lu\/de\/","name":"Improof","description":"Tagline goes here","publisher":{"@id":"https:\/\/www.improof.lu\/de\/#organization"},"potentialAction":[{"@type":"SearchAction","target":{"@type":"EntryPoint","urlTemplate":"https:\/\/www.improof.lu\/de\/?s={search_term_string}"},"query-input":{"@type":"PropertyValueSpecification","valueRequired":true,"valueName":"search_term_string"}}],"inLanguage":"de-DE"},{"@type":"Organization","@id":"https:\/\/www.improof.lu\/de\/#organization","name":"Improof","url":"https:\/\/www.improof.lu\/de\/","logo":{"@type":"ImageObject","inLanguage":"de-DE","@id":"https:\/\/www.improof.lu\/de\/#\/schema\/logo\/image\/","url":"https:\/\/www.improof.lu\/app\/uploads\/2022\/10\/improof-logo-svg.png","contentUrl":"https:\/\/www.improof.lu\/app\/uploads\/2022\/10\/improof-logo-svg.png","width":652,"height":209,"caption":"Improof"},"image":{"@id":"https:\/\/www.improof.lu\/de\/#\/schema\/logo\/image\/"}},{"@type":"Person","@id":"https:\/\/www.improof.lu\/de\/#\/schema\/person\/8b7e0720f9ab34bd8b12af9dbf2592a6","name":"Nermin Plavsic","image":{"@type":"ImageObject","inLanguage":"de-DE","@id":"https:\/\/www.improof.lu\/de\/#\/schema\/person\/image\/","url":"https:\/\/secure.gravatar.com\/avatar\/1b010c13286dbffe130fb77dd68cc999?s=96&d=mm&r=g","contentUrl":"https:\/\/secure.gravatar.com\/avatar\/1b010c13286dbffe130fb77dd68cc999?s=96&d=mm&r=g","caption":"Nermin Plavsic"},"url":"https:\/\/www.improof.lu\/de\/articles\/author\/nermin-plavsic\/"}]}},"_links":{"self":[{"href":"https:\/\/www.improof.lu\/de\/wp-json\/wp\/v2\/posts\/1932","targetHints":{"allow":["GET"]}}],"collection":[{"href":"https:\/\/www.improof.lu\/de\/wp-json\/wp\/v2\/posts"}],"about":[{"href":"https:\/\/www.improof.lu\/de\/wp-json\/wp\/v2\/types\/post"}],"author":[{"embeddable":true,"href":"https:\/\/www.improof.lu\/de\/wp-json\/wp\/v2\/users\/11"}],"replies":[{"embeddable":true,"href":"https:\/\/www.improof.lu\/de\/wp-json\/wp\/v2\/comments?post=1932"}],"version-history":[{"count":5,"href":"https:\/\/www.improof.lu\/de\/wp-json\/wp\/v2\/posts\/1932\/revisions"}],"predecessor-version":[{"id":2576,"href":"https:\/\/www.improof.lu\/de\/wp-json\/wp\/v2\/posts\/1932\/revisions\/2576"}],"wp:attachment":[{"href":"https:\/\/www.improof.lu\/de\/wp-json\/wp\/v2\/media?parent=1932"}],"wp:term":[{"taxonomy":"category","embeddable":true,"href":"https:\/\/www.improof.lu\/de\/wp-json\/wp\/v2\/categories?post=1932"},{"taxonomy":"post_tag","embeddable":true,"href":"https:\/\/www.improof.lu\/de\/wp-json\/wp\/v2\/tags?post=1932"}],"curies":[{"name":"wp","href":"https:\/\/api.w.org\/{rel}","templated":true}]}}