{"id":2228,"date":"2024-11-05T14:57:42","date_gmt":"2024-11-05T14:57:42","guid":{"rendered":"https:\/\/www.improof.lu\/?p=2228"},"modified":"2025-04-08T10:59:41","modified_gmt":"2025-04-08T10:59:41","slug":"depenses-de-pensions","status":"publish","type":"post","link":"https:\/\/www.improof.lu\/de\/articles\/depenses-de-pensions\/","title":{"rendered":"D\u00e9penses de pensions : enjeu incertain, mais tout \u00e0 fait ma\u00eetrisable"},"content":{"rendered":"<p>Le r\u00e9gime de l\u2019assurance pension au Luxembourg est un r\u00e9gime par r\u00e9partition, ce qui veut dire en essence que les pensions de vieillesse (et autres) qui sont vers\u00e9es \u00e0 un moment donn\u00e9 sont financ\u00e9es par des cotisations des actifs de ce moment.<\/p>\n<p>De tels r\u00e9gimes ont par nature une dette dite \u00ab implicite \u00bb \u00e9lev\u00e9e, car il n\u2019existe ni de r\u00e9serves[1], ni de provisions pour pr\u00e9financer les retraites futures. La dette implicite est en effet une notion relevant plut\u00f4t d\u2019un syst\u00e8me par capitalisation dans lequel on \u00e9pargne pour sa propre retraite et o\u00f9 il faut \u00ab mettre de l\u2019argent \u00bb de c\u00f4t\u00e9[2].<\/p>\n<p>De tels r\u00e9gimes par r\u00e9partition ont par ailleurs une solidit\u00e9 financi\u00e8re absolue (pour des raisons techniques et l\u00e9gales), contrairement aux r\u00e9gimes priv\u00e9s par capitalisation, et ne peuvent pas \u00ab faire faillite \u00bb, l\u2019\u00c9tat \u00e9tant toujours l\u00e0 en quelque sorte en tant que \u00ab lender of last resort \u00bb.<\/p>\n<p>Il est dans ce contexte regrettable que d\u2019aucuns essayent de semer la panique avec des sc\u00e9narios d\u2019horreur et des dettes qui d\u00e9passeraient les 200% du PIB \u00e0 l\u2019horizon 2070, sc\u00e9narios qui ne vont certainement jamais se r\u00e9aliser.<\/p>\n<h2>Faut-il prendre des projections \u00e0 l\u2019horizon de 2070 au s\u00e9rieux ?<\/h2>\n<p>Par ailleurs, il y a lieu de relever que jusqu\u2019\u00e0 pr\u00e9sent toutes ces projections \u00e0 long terme se sont r\u00e9v\u00e9l\u00e9es fausses et largement trop pessimistes, car bas\u00e9es sur des hypoth\u00e8ses de travail erron\u00e9es.<\/p>\n<p>Il est int\u00e9ressant de consulter dans ce contexte l\u2019analyse historique des projections r\u00e9alis\u00e9es par diff\u00e9rentes institutions au fil des ann\u00e9es au sujet de la situation financi\u00e8re du r\u00e9gime d\u2019assurance pension publi\u00e9e dans la note de l\u2019OGBL et du LCGB r\u00e9alis\u00e9e dans le cadre des discussions actuelles au sujet d\u2019une \u00e9ventuelle r\u00e9forme des pensions[3].<\/p>\n<p>Il en ressort clairement que de telles projections ne m\u00e9ritent m\u00eame pas la qualification d\u2019\u00eatre \u00ab approximatives \u00bb[4].<\/p>\n<p>Les divergences des projections par rapport \u00e0 la r\u00e9alit\u00e9 sont extraordinaires. \u00c0 titre d\u2019exemple choisi parmi une multitude repris dans la note pr\u00e9cit\u00e9e : dans le bilan technique de l\u2019Inspection g\u00e9n\u00e9rale de la s\u00e9curit\u00e9 sociale de d\u00e9cembre 2005, le sc\u00e9nario pessimiste pr\u00e9voyait une population affili\u00e9e au r\u00e9gime g\u00e9n\u00e9ral de pensions proche de 419.000 personnes en 2050. Ce seuil est toutefois d\u00e9j\u00e0 largement d\u00e9pass\u00e9 30 (!) ans avant avec 461.345 assur\u00e9s en 2020 ; ce nombre d\u00e9passe d\u2019ailleurs \u00e9galement de loin le nombre d\u2019assur\u00e9s projet\u00e9 pour 2020 dans le sc\u00e9nario optimiste du bilan qui \u00e9tait de 400.000 assur\u00e9s.<\/p>\n<p>Dans son avis r\u00e9cent relatif \u00e0 la soutenabilit\u00e9 des finances publiques, le Conseil national des finances publiques (CNFP) a relev\u00e9 un certain nombre de probl\u00e8mes m\u00e9thodologiques au niveau de telles projections qui mettent s\u00e9rieusement en doute leur pertinence[5].<\/p>\n<p>Le CNFP pr\u00e9cise que m\u00eame des petites divergences au niveau des hypoth\u00e8ses de ces projections conduisent \u00e0 des r\u00e9sultats significativement diff\u00e9rents. Le CNFP rappelle que <em>\u00ab l\u2019analyse de la soutenabilit\u00e9 \u00e0 long terme des finances publiques repose sur l\u2019hypoth\u00e8se th\u00e9orique de ladite \u00ab politique \u00e0 objectif constant \u00bb. Cette hypoth\u00e8se n\u2019a toutefois qu\u2019une plausibilit\u00e9 limit\u00e9e, car elle implique le maintien du statu quo jusqu\u2019en 2070, \u00e0 l\u2019exception de la mise en \u0153uvre future de m\u00e9canismes d\u00e9j\u00e0 pr\u00e9vus \u00bb[6].<\/em><\/p>\n<p>Les projections se basent sur la notion de la croissance \u00e9conomique potentielle qui est une notion purement th\u00e9orique. Par ailleurs, les projections prennent comme point de d\u00e9part la situation budg\u00e9taire d\u2019une ann\u00e9e de d\u00e9part particuli\u00e8re, en l\u2019occurrence 2022 \u2013 ann\u00e9e particuli\u00e8rement mauvaise pour des raisons conjoncturelles \u2013 ce qui a un impact fortement n\u00e9gatif sur les projections \u00e0 long terme, alors que ceci qui n\u2019a gu\u00e8re de sens.<\/p>\n<p>Rien que le choix d\u2019une telle ann\u00e9e de base rend les projections \u00e0 long terme biscornues et le CNFP sugg\u00e8re qu\u2019il faudrait plut\u00f4t se baser sur une moyenne de plusieurs ann\u00e9es.<\/p>\n<p>Le CNFP estime que <em>\u00ab le sc\u00e9nario de base de la Commission europ\u00e9enne renferme une image trop pessimiste de la situation budg\u00e9taire du Luxembourg \u00e0 moyen et \u00e0 long terme et il faut relativiser la conclusion que le Luxembourg ferait face \u00e0 un risque \u00e9lev\u00e9 concernant la soutenabilit\u00e9 \u00e0 long terme des finances publiques \u00bb<\/em> et que \u00ab le sc\u00e9nario de base de la Commission europ\u00e9enne gagnerait \u00e0 mieux prendre en compte les sp\u00e9cificit\u00e9s nationales \u00bb du Luxembourg.<\/p>\n<p>Le CNFP note d\u2019ailleurs des <em>\u00ab changements non expliqu\u00e9s au niveau d\u2019hypoth\u00e8ses cl\u00e9s d\u2019un AR [Ageing Report \u2013 Rapport sur le vieillissement] \u00e0 l\u2019autre qui ont un impact important sur les r\u00e9sultats en mati\u00e8re de soutenabilit\u00e9 \u00e0 long terme des finances publiques \u00bb<\/em>.<\/p>\n<p>Toujours selon le CNFP, <em>\u00ab dans le cas du Luxembourg, les projections font l\u2019impasse sur le fait que la l\u00e9gislation nationale comporte l\u2019application de stabilisateurs automatiques au niveau des cotisations sociales intervenant \u00e0 des moments pr\u00e9cis \u00bb<\/em>.<\/p>\n<p>Le CNFP estime finalement que le <em>\u00ab constat d\u2019un risque \u00e9lev\u00e9 pour la soutenabilit\u00e9 \u00e0 long terme des finances publiques luxembourgeoises [\u2026] doit toutefois \u00eatre relativis\u00e9 \u00bb<\/em>.<\/p>\n<p>Il ressort clairement de ces quelques extraits de l\u2019avis du CNFP que les projections \u00e0 long terme sont empreintes de probl\u00e8mes m\u00e9thodologiques qui les rendent en quelque sorte superflues \u00e0 moins qu\u2019on ne poursuive un agenda politique qui n\u00e9cessite une justification pseudoscientifique.<\/p>\n<p>En effet, des changements au niveau des hypoth\u00e8ses, arbitraires ou justifi\u00e9es[7], ont donc un tr\u00e8s grand effet \u00e0 long terme ce qui montre \u00e0 quel point l\u2019exercice est critiquable.<\/p>\n<p>Il est int\u00e9ressant \u00e0 ce titre de comparer des projections du STATEC sorties \u00e0 quelques semaines d\u2019intervalle, mais qui donnent des r\u00e9sultats sinon oppos\u00e9s, alors du moins largement divergents suite aux changements des hypoth\u00e8ses de d\u00e9part.<\/p>\n<p>Selon les projections de mars 2024 publi\u00e9s dans le cadre du Rapport sur le vieillissement des travaux du <em>Ageing Working Group<\/em> (AWG), les d\u00e9penses pour pensions (r\u00e9gimes sp\u00e9ciaux compris) par rapport au PIB seraient de 10,0% en 2050 et de 12,8% en 2070.<\/p>\n<p>Or, selon les projections de juillet 2024 publi\u00e9es dans les Cahiers statistiques de l\u2019IGSS, les d\u00e9penses pour pensions (r\u00e9gimes sp\u00e9ciaux exclus !) par rapport au PIB seraient entre 10,6% et 12,6% en 2050 et entre 14,1% et 18,1% en 2070 selon les sc\u00e9narios STATEC.<\/p>\n<p>M\u00eame si dans ces projections, les d\u00e9penses de pensions sont pr\u00e9vues d\u2019augmenter, on ne peut s\u00e9rieusement plus parler d\u2019une m\u00eame tendance, tellement grandes sont les divergences.<\/p>\n<h2>Hausse des d\u00e9penses : situation normale et absolument ma\u00eetrisable<\/h2>\n<p>Ceci dit, il semble \u00e9vident, aux yeux des auteurs, que les d\u00e9penses pour les pensions de vieillesse vont augmenter dans les ann\u00e9es \u00e0 venir. Enfin, serait-il vraiment souhaitable que, dans une soci\u00e9t\u00e9 qui conna\u00eet de plus en plus de retrait\u00e9s, la part de la richesse revenant aux retrait\u00e9s n\u2019augmente pas ? Une hausse des d\u00e9penses de pensions est, par cons\u00e9quent, tout \u00e0 fait normale et logique vu le vieillissement de la population.<\/p>\n<p>La pr\u00e9sentation de cette hausse comme un probl\u00e8me majeur est d\u2019ailleurs tout \u00e0 fait infond\u00e9e. M\u00eame si, pour faire face \u00e0 la hausse des d\u00e9penses, les d\u00e9cideurs politiques peuvent \u00eatre oblig\u00e9s \u00e0 venir adapter certains \u00e9l\u00e9ments relatifs au financement des pensions, force est de constater que la (tr\u00e8s incertaine) hausse projet\u00e9e des d\u00e9penses de pensions ne constitue pas un probl\u00e8me, ni d\u2019un point de vue macro-\u00e9conomique, ni d\u2019un point de vue soci\u00e9tal, ni d\u2019un point de vue budg\u00e9taire.<\/p>\n<p>Tout d\u2019abord, il convient de noter que selon les projections \u00e0 tr\u00e8s long terme utilis\u00e9es par d\u2019aucuns pour pr\u00f4ner un certain catastrophisme, le niveau de la richesse cr\u00e9\u00e9e annuellement au Luxembourg devrait augmenter bien davantage que le niveau des d\u00e9penses de pensions.<\/p>\n<p>En effet, en raison de la croissance \u00e9conomique, le PIB devrait augmenter \u00e0 hauteur de quasiment 180 milliards d\u2019euros (en euros constants de 2022) d\u2019ici 2070 et se situer plus de 100 milliards d\u2019euros au-del\u00e0 du niveau recens\u00e9 en 2022. Or, les d\u00e9penses de pensions quant \u00e0 elles devraient augmenter de \u00ab seulement \u00bb 23 milliards d\u2019euros jusque-l\u00e0 pour atteindre 28,3 milliards d\u2019euros.<\/p>\n<p>Ainsi, d\u2019un point de vue purement macro\u00e9conomique, la hausse des d\u00e9penses de pensions projet\u00e9e ne pose absolument pas de probl\u00e8me fondamental. Comparativement \u00e0 la situation en 2022, la macro\u00e9conomie de laquelle on exclurait les pensionn\u00e9s (qui, de fait, sont une partie int\u00e9grante) ne perdrait donc absolument pas, ni d\u2019opportunit\u00e9s financi\u00e8res, ni de richesse.<\/p>\n<p>Aussi, d\u2019un point de vue soci\u00e9tal, si bien que les d\u00e9penses de pensions augmentent, il y aura, apr\u00e8s le paiement de ces pensions, quasiment 80 milliards d\u2019euros en plus de richesse disponible pour \u00eatre allou\u00e9s \u00e0 d\u2019autres fins qu\u2019aujourd\u2019hui \u2013 il n\u2019y a donc aucune n\u00e9cessit\u00e9 (financi\u00e8re) pour renoncer au financement de certains programmes actuels. L\u2019id\u00e9e qu\u2019une augmentation des d\u00e9penses de pensions r\u00e9duirait in\u00e9vitablement les ressources disponibles pour d\u2019autres priorit\u00e9s est tout simplement fausse !<\/p>\n<p><em><strong>Graphique : \u00c9volution des d\u00e9penses de pensions et du PIB selon les projections<\/strong><\/em><\/p>\n<p><img decoding=\"async\" src=\"https:\/\/www.improof.lu\/app\/uploads\/2024\/11\/grey-graf-1.jpg\" \/><\/p>\n<p><span style=\"font-size: 8pt;\">Donn\u00e9es : IGSS, EUROSTAT ; Calculs : Auteurs.<\/span><\/p>\n<p>Il devient donc \u00e9vident que la richesse cr\u00e9\u00e9e est fort suffisante pour financer l\u2019\u00e9ventuel besoin de financement au niveau des pensions \u2013 m\u00eame si le financement actuellement garanti par un taux de cotisation de 24% et support\u00e9 de mani\u00e8re tripartite entre salari\u00e9s, employeurs et \u00c9tat ne suffirait pas pour combler le besoin.<\/p>\n<p>Or, si on \u00e9largit les potentielles sources de financement des pensions \u00e0 l\u2019ensemble des recettes de l\u2019\u00c9tat et des institutions de s\u00e9curit\u00e9 sociale (soit aux administrations publiques desquelles on d\u00e9duit les administrations locales), il devient d\u2019ailleurs apparent que, avec la part actuelle des recettes en pourcentage du PIB, le financement des pensions peut \u00eatre garanti dans le futur \u2013 donc sans m\u00eame qu\u2019un interventionnisme plus important de l\u2019\u00c9tat dans l\u2019\u00e9conomie ne soit n\u00e9cessaire.<\/p>\n<p>En effet, avec des recettes de l\u2019\u00c9tat et des administrations de la s\u00e9curit\u00e9 sociale qui continueraient \u00e0 correspondre \u00e0 38,9% du PIB annuel (moyenne au cours des 10 derni\u00e8res ann\u00e9es), et en raison de la croissance \u00e9conomique au cours des prochaines d\u00e9cennies, les recettes publiques devraient augmenter plus vite que les d\u00e9penses de pensions.<\/p>\n<p>Ainsi, les recettes de l\u2019\u00c9tat et de la s\u00e9curit\u00e9 sociale devraient progresser de presque 40 milliards d\u2019euros (dont 8 milliards de recettes en cotisations pension) pour atteindre quasiment 70 milliards d\u2019euros, tandis que les d\u00e9penses de pensions devraient augmenter de \u00ab seulement \u00bb 23 milliards d\u2019euros.<\/p>\n<p>Autrement dit, sans que l\u2019\u00c9tat ne doit pr\u00e9lever une plus grande partie de la richesse cr\u00e9\u00e9e annuellement qu\u2019aujourd\u2019hui et sans que sa situation financi\u00e8re ne se d\u00e9grade, il lui serait possible 1) de prendre en charge tout d\u00e9ficit au niveau des pensions et 2) de financer encore 16,8 milliards d\u2019euros (69% du budget de l\u2019\u00c9tat de ladite ann\u00e9e 2022 !) de d\u00e9penses en plus qu\u2019actuellement !<\/p>\n<p><em><strong>Graphique : \u00c9volution des d\u00e9penses de pensions et des recettes de l\u2019\u00c9tat et de la s\u00e9curit\u00e9 sociale<\/strong><\/em><\/p>\n<p><img decoding=\"async\" src=\"https:\/\/www.improof.lu\/app\/uploads\/2024\/11\/grey-graf-2.jpg\" \/><\/p>\n<p><span style=\"font-size: 8pt;\">Donn\u00e9es : IGSS, EUROSTAT ; Calculs : Auteurs.<\/span><\/p>\n<p>M\u00eame en prenant en compte les autres co\u00fbts li\u00e9s au vieillissement (pensions des r\u00e9gimes sp\u00e9ciaux, d\u00e9penses pour l\u2019assurance d\u00e9pendance, d\u00e9penses pour les soins de sant\u00e9, d\u00e9penses pour l\u2019\u00e9ducation), il s\u2019av\u00e8re que les d\u00e9penses restent finan\u00e7ables \u00e0 tr\u00e8s long terme selon les projections, m\u00eame si la part des recettes de l\u2019\u00c9tat et de la s\u00e9curit\u00e9 sociale en % du PIB n\u2019augmente pas. De fait, il y aurait, m\u00eame apr\u00e8s le financement de toutes ces d\u00e9penses et apr\u00e8s d\u00e9duction des recettes actuelles de l\u2019\u00c9tat, encore un surplus de presque 3 milliards d\u2019euros en 2070 comparativement \u00e0 la situation actuelle.<\/p>\n<p>La stabilit\u00e9 en % du PIB des recettes de l\u2019\u00c9tat et de la s\u00e9curit\u00e9 sociale[8] ensemble avec un transfert plus important de recettes de la part de l\u2019\u00c9tat central vers la caisse de pension[9] serait donc une condition suffisante pour permettre la viabilit\u00e9 \u00e0 tr\u00e8s long terme de la situation financi\u00e8re du syst\u00e8me de pension \u2013 sans qu\u2019une recette suppl\u00e9mentaire ne soit imp\u00e9rativement n\u00e9cessaire et malgr\u00e9 les projections qui, aux yeux des auteurs, sont tr\u00e8s pessimistes.<\/p>\n<p style=\"text-align: center;\">* * *<\/p>\n<p>Aux yeux des auteurs, il est \u00e9vident que les projections sur un horizon de 50 ans qui dictent le d\u00e9bat actuel sur la situation financi\u00e8re du syst\u00e8me de pension sont tout simplement trop volatiles, trop incertaines et trop d\u00e9pendantes de l\u2019\u00e9volution impr\u00e9visible de certains param\u00e8tres pour valoir de pr\u00e9texte de coupes dans les transferts sociaux.<\/p>\n<p>Le pass\u00e9 a montr\u00e9 dans quelle mesure des changements technologiques a priori impr\u00e9vus ont pu avoir un impact sur le monde du travail, et partant sur l\u2019\u00e9volution de certaines branches d\u2019activit\u00e9 et de la structure des salaires \u2013 et nul saura dire comment d\u2019autres \u00e9volutions futures impacteront les caisses de la s\u00e9curit\u00e9 sociale.<\/p>\n<p>Au vu de ces incertitudes \u00e9normes, et au vu de la mise en exergue d\u2019un financement tout \u00e0 fait maitrisable, g\u00e9rable et acceptable des d\u00e9penses de pensions (et plus g\u00e9n\u00e9ralement des d\u00e9penses li\u00e9es au vieillissement de la population) sans la n\u00e9cessit\u00e9 d\u2019un interventionnisme plus aigu de l\u2019\u00c9tat pour garantir le financement, il convient, \u00e0 nos yeux, de se tenir aux p\u00e9riodes de couverture de dix ans pour appr\u00e9cier la situation financi\u00e8re du syst\u00e8me de pension.<\/p>\n<p>Une telle p\u00e9riode de dix ans, bien qu\u2019elle soit aussi marqu\u00e9e par une incertitude non-n\u00e9gligeable, permet de limiter les impr\u00e9visibilit\u00e9s tout en laissant aux acteurs impliqu\u00e9s (partenaires sociaux et \u00c9tat) un d\u00e9lai raisonnable pour envisager et d\u00e9cider des ajustements n\u00e9cessaires.<\/p>\n<p>Enfin, il serait opportun de mettre fin, une fois pour toutes, au r\u00e9cit selon lequel une hausse des d\u00e9penses de pensions en % du PIB est \u00e0 qualifier comme un probl\u00e8me \u00e9conomique, financier, structurel ou soci\u00e9tal majeur. Non seulement, ce constat ignore le changement d\u00e9mographique de la soci\u00e9t\u00e9 (luxembourgeoise), mais en plus, il ignore que, sans un seul point de pourcentage de PIB en plus, les recettes de l\u2019\u00c9tat continueront \u00e0 pouvoir couvrir les d\u00e9penses de pensions \u2013 m\u00eame si les cotisations \u00e0 elles seules ne le pourraient pas.<\/p>\n<p><em>Photo de <span style=\"text-decoration: underline;\"><strong><a href=\"https:\/\/unsplash.com\/fr\/@wyron?utm_content=creditCopyText&amp;utm_medium=referral&amp;utm_source=unsplash\" target=\"_blank\" rel=\"noopener\">Wyron A<\/a> <\/strong><\/span>sur <span style=\"text-decoration: underline;\"><strong><a href=\"https:\/\/unsplash.com\/fr\/photos\/sigange-de-vision-psyshique-GY38n9WKjQI?utm_content=creditCopyText&amp;utm_medium=referral&amp;utm_source=unsplash\" target=\"_blank\" rel=\"noopener\">Unsplash<\/a><\/strong><\/span><\/em><\/p>\n","protected":false},"excerpt":{"rendered":"<p>Le catastrophisme qui r\u00e8gne dans le d\u00e9bat actuel sur la situation financi\u00e8re du syst\u00e8me de pension peut \u00eatre interpr\u00e9t\u00e9 comme un discours qui vise \u00e0 justifier des coupes dans les transferts sociaux\/pensions. En r\u00e9alit\u00e9, les projections \u00e0 tr\u00e8s long terme (jusqu\u2019\u00e0 50 ans dans le futur) qui sont souvent utilis\u00e9es pour propager ce catastrophisme sont tout simplement trop incertaines pour justifier ces coupes.<\/p>\n","protected":false},"author":11,"featured_media":0,"comment_status":"open","ping_status":"open","sticky":false,"template":"","format":"standard","meta":{"_acf_changed":false,"footnotes":""},"categories":[3],"tags":[],"class_list":["post-2228","post","type-post","status-publish","format-standard","hentry","category-unkategorisiert","topic-finanzpolitik","topic-sozialversicherung","format-text-de"],"acf":[],"yoast_head":"<!-- This site is optimized with the Yoast SEO plugin v23.9 - https:\/\/yoast.com\/wordpress\/plugins\/seo\/ -->\n<title>D\u00e9penses de pensions : enjeu incertain, mais tout \u00e0 fait ma\u00eetrisable - Improof<\/title>\n<meta name=\"robots\" content=\"index, follow, max-snippet:-1, max-image-preview:large, max-video-preview:-1\" \/>\n<link rel=\"canonical\" href=\"https:\/\/www.improof.lu\/de\/articles\/depenses-de-pensions\/\" \/>\n<meta property=\"og:locale\" content=\"de_DE\" \/>\n<meta property=\"og:type\" content=\"article\" \/>\n<meta property=\"og:title\" content=\"D\u00e9penses de pensions : enjeu incertain, mais tout \u00e0 fait ma\u00eetrisable\" \/>\n<meta property=\"og:description\" content=\"Le catastrophisme qui r\u00e8gne dans le d\u00e9bat actuel sur la situation financi\u00e8re du syst\u00e8me de pension peut \u00eatre interpr\u00e9t\u00e9 comme un discours qui vise \u00e0 justifier des coupes dans les transferts sociaux\/pensions. En r\u00e9alit\u00e9, les projections \u00e0 tr\u00e8s long terme (jusqu\u2019\u00e0 50 ans dans le futur) qui sont souvent utilis\u00e9es pour propager ce catastrophisme sont tout simplement trop incertaines pour justifier ces coupes.\" \/>\n<meta property=\"og:url\" content=\"https:\/\/www.improof.lu\/de\/articles\/depenses-de-pensions\/\" \/>\n<meta property=\"og:site_name\" content=\"Improof\" \/>\n<meta property=\"article:published_time\" content=\"2024-11-05T14:57:42+00:00\" \/>\n<meta property=\"article:modified_time\" content=\"2025-04-08T10:59:41+00:00\" \/>\n<meta property=\"og:image\" content=\"https:\/\/www.improof.lu\/app\/uploads\/2024\/11\/psychic.jpg\" \/>\n<meta name=\"author\" content=\"Nermin Plavsic\" \/>\n<meta name=\"twitter:card\" content=\"summary_large_image\" \/>\n<meta name=\"twitter:title\" content=\"D\u00e9penses de pensions : enjeu incertain, mais tout \u00e0 fait ma\u00eetrisable\" \/>\n<meta name=\"twitter:description\" content=\"Le catastrophisme qui r\u00e8gne dans le d\u00e9bat actuel sur la situation financi\u00e8re du syst\u00e8me de pension peut \u00eatre interpr\u00e9t\u00e9 comme un discours qui vise \u00e0 justifier des coupes dans les transferts sociaux\/pensions. En r\u00e9alit\u00e9, les projections \u00e0 tr\u00e8s long terme (jusqu\u2019\u00e0 50 ans dans le futur) qui sont souvent utilis\u00e9es pour propager ce catastrophisme sont tout simplement trop incertaines pour justifier ces coupes.\" \/>\n<meta name=\"twitter:image\" content=\"https:\/\/www.improof.lu\/app\/uploads\/2024\/11\/psychic.jpg\" \/>\n<meta name=\"twitter:label1\" content=\"Written by\" \/>\n\t<meta name=\"twitter:data1\" content=\"Nermin Plavsic\" \/>\n\t<meta name=\"twitter:label2\" content=\"Est. reading time\" \/>\n\t<meta name=\"twitter:data2\" content=\"10 minutes\" \/>\n<script type=\"application\/ld+json\" class=\"yoast-schema-graph\">{\"@context\":\"https:\/\/schema.org\",\"@graph\":[{\"@type\":\"Article\",\"@id\":\"https:\/\/www.improof.lu\/de\/articles\/depenses-de-pensions\/#article\",\"isPartOf\":{\"@id\":\"https:\/\/www.improof.lu\/de\/articles\/depenses-de-pensions\/\"},\"author\":{\"name\":\"Nermin Plavsic\",\"@id\":\"https:\/\/www.improof.lu\/de\/#\/schema\/person\/8b7e0720f9ab34bd8b12af9dbf2592a6\"},\"headline\":\"D\u00e9penses de pensions : enjeu incertain, mais tout \u00e0 fait ma\u00eetrisable\",\"datePublished\":\"2024-11-05T14:57:42+00:00\",\"dateModified\":\"2025-04-08T10:59:41+00:00\",\"mainEntityOfPage\":{\"@id\":\"https:\/\/www.improof.lu\/de\/articles\/depenses-de-pensions\/\"},\"wordCount\":2472,\"commentCount\":0,\"publisher\":{\"@id\":\"https:\/\/www.improof.lu\/de\/#organization\"},\"image\":{\"@id\":\"https:\/\/www.improof.lu\/de\/articles\/depenses-de-pensions\/#primaryimage\"},\"thumbnailUrl\":\"https:\/\/www.improof.lu\/app\/uploads\/2024\/11\/grey-graf-1.jpg\",\"articleSection\":[\"Unkategorisiert\"],\"inLanguage\":\"de-DE\",\"potentialAction\":[{\"@type\":\"CommentAction\",\"name\":\"Comment\",\"target\":[\"https:\/\/www.improof.lu\/de\/articles\/depenses-de-pensions\/#respond\"]}]},{\"@type\":\"WebPage\",\"@id\":\"https:\/\/www.improof.lu\/de\/articles\/depenses-de-pensions\/\",\"url\":\"https:\/\/www.improof.lu\/de\/articles\/depenses-de-pensions\/\",\"name\":\"D\u00e9penses de pensions : enjeu incertain, mais tout \u00e0 fait ma\u00eetrisable - Improof\",\"isPartOf\":{\"@id\":\"https:\/\/www.improof.lu\/de\/#website\"},\"primaryImageOfPage\":{\"@id\":\"https:\/\/www.improof.lu\/de\/articles\/depenses-de-pensions\/#primaryimage\"},\"image\":{\"@id\":\"https:\/\/www.improof.lu\/de\/articles\/depenses-de-pensions\/#primaryimage\"},\"thumbnailUrl\":\"https:\/\/www.improof.lu\/app\/uploads\/2024\/11\/grey-graf-1.jpg\",\"datePublished\":\"2024-11-05T14:57:42+00:00\",\"dateModified\":\"2025-04-08T10:59:41+00:00\",\"breadcrumb\":{\"@id\":\"https:\/\/www.improof.lu\/de\/articles\/depenses-de-pensions\/#breadcrumb\"},\"inLanguage\":\"de-DE\",\"potentialAction\":[{\"@type\":\"ReadAction\",\"target\":[\"https:\/\/www.improof.lu\/de\/articles\/depenses-de-pensions\/\"]}]},{\"@type\":\"ImageObject\",\"inLanguage\":\"de-DE\",\"@id\":\"https:\/\/www.improof.lu\/de\/articles\/depenses-de-pensions\/#primaryimage\",\"url\":\"https:\/\/www.improof.lu\/app\/uploads\/2024\/11\/grey-graf-1.jpg\",\"contentUrl\":\"https:\/\/www.improof.lu\/app\/uploads\/2024\/11\/grey-graf-1.jpg\"},{\"@type\":\"BreadcrumbList\",\"@id\":\"https:\/\/www.improof.lu\/de\/articles\/depenses-de-pensions\/#breadcrumb\",\"itemListElement\":[{\"@type\":\"ListItem\",\"position\":1,\"name\":\"Home\",\"item\":\"https:\/\/www.improof.lu\/de\/\"},{\"@type\":\"ListItem\",\"position\":2,\"name\":\"D\u00e9penses de pensions : enjeu incertain, mais tout \u00e0 fait ma\u00eetrisable\"}]},{\"@type\":\"WebSite\",\"@id\":\"https:\/\/www.improof.lu\/de\/#website\",\"url\":\"https:\/\/www.improof.lu\/de\/\",\"name\":\"Improof\",\"description\":\"Tagline goes here\",\"publisher\":{\"@id\":\"https:\/\/www.improof.lu\/de\/#organization\"},\"potentialAction\":[{\"@type\":\"SearchAction\",\"target\":{\"@type\":\"EntryPoint\",\"urlTemplate\":\"https:\/\/www.improof.lu\/de\/?s={search_term_string}\"},\"query-input\":{\"@type\":\"PropertyValueSpecification\",\"valueRequired\":true,\"valueName\":\"search_term_string\"}}],\"inLanguage\":\"de-DE\"},{\"@type\":\"Organization\",\"@id\":\"https:\/\/www.improof.lu\/de\/#organization\",\"name\":\"Improof\",\"url\":\"https:\/\/www.improof.lu\/de\/\",\"logo\":{\"@type\":\"ImageObject\",\"inLanguage\":\"de-DE\",\"@id\":\"https:\/\/www.improof.lu\/de\/#\/schema\/logo\/image\/\",\"url\":\"https:\/\/www.improof.lu\/app\/uploads\/2022\/10\/improof-logo-svg.png\",\"contentUrl\":\"https:\/\/www.improof.lu\/app\/uploads\/2022\/10\/improof-logo-svg.png\",\"width\":652,\"height\":209,\"caption\":\"Improof\"},\"image\":{\"@id\":\"https:\/\/www.improof.lu\/de\/#\/schema\/logo\/image\/\"}},{\"@type\":\"Person\",\"@id\":\"https:\/\/www.improof.lu\/de\/#\/schema\/person\/8b7e0720f9ab34bd8b12af9dbf2592a6\",\"name\":\"Nermin Plavsic\",\"image\":{\"@type\":\"ImageObject\",\"inLanguage\":\"de-DE\",\"@id\":\"https:\/\/www.improof.lu\/de\/#\/schema\/person\/image\/\",\"url\":\"https:\/\/secure.gravatar.com\/avatar\/1b010c13286dbffe130fb77dd68cc999?s=96&d=mm&r=g\",\"contentUrl\":\"https:\/\/secure.gravatar.com\/avatar\/1b010c13286dbffe130fb77dd68cc999?s=96&d=mm&r=g\",\"caption\":\"Nermin Plavsic\"},\"url\":\"https:\/\/www.improof.lu\/de\/articles\/author\/nermin-plavsic\/\"}]}<\/script>\n<!-- \/ Yoast SEO plugin. -->","yoast_head_json":{"title":"D\u00e9penses de pensions : enjeu incertain, mais tout \u00e0 fait ma\u00eetrisable - Improof","robots":{"index":"index","follow":"follow","max-snippet":"max-snippet:-1","max-image-preview":"max-image-preview:large","max-video-preview":"max-video-preview:-1"},"canonical":"https:\/\/www.improof.lu\/de\/articles\/depenses-de-pensions\/","og_locale":"de_DE","og_type":"article","og_title":"D\u00e9penses de pensions : enjeu incertain, mais tout \u00e0 fait ma\u00eetrisable","og_description":"Le catastrophisme qui r\u00e8gne dans le d\u00e9bat actuel sur la situation financi\u00e8re du syst\u00e8me de pension peut \u00eatre interpr\u00e9t\u00e9 comme un discours qui vise \u00e0 justifier des coupes dans les transferts sociaux\/pensions. En r\u00e9alit\u00e9, les projections \u00e0 tr\u00e8s long terme (jusqu\u2019\u00e0 50 ans dans le futur) qui sont souvent utilis\u00e9es pour propager ce catastrophisme sont tout simplement trop incertaines pour justifier ces coupes.","og_url":"https:\/\/www.improof.lu\/de\/articles\/depenses-de-pensions\/","og_site_name":"Improof","article_published_time":"2024-11-05T14:57:42+00:00","article_modified_time":"2025-04-08T10:59:41+00:00","og_image":[{"url":"https:\/\/www.improof.lu\/app\/uploads\/2024\/11\/psychic.jpg"}],"author":"Nermin Plavsic","twitter_card":"summary_large_image","twitter_title":"D\u00e9penses de pensions : enjeu incertain, mais tout \u00e0 fait ma\u00eetrisable","twitter_description":"Le catastrophisme qui r\u00e8gne dans le d\u00e9bat actuel sur la situation financi\u00e8re du syst\u00e8me de pension peut \u00eatre interpr\u00e9t\u00e9 comme un discours qui vise \u00e0 justifier des coupes dans les transferts sociaux\/pensions. En r\u00e9alit\u00e9, les projections \u00e0 tr\u00e8s long terme (jusqu\u2019\u00e0 50 ans dans le futur) qui sont souvent utilis\u00e9es pour propager ce catastrophisme sont tout simplement trop incertaines pour justifier ces coupes.","twitter_image":"https:\/\/www.improof.lu\/app\/uploads\/2024\/11\/psychic.jpg","twitter_misc":{"Written by":"Nermin Plavsic","Est. reading time":"10 minutes"},"schema":{"@context":"https:\/\/schema.org","@graph":[{"@type":"Article","@id":"https:\/\/www.improof.lu\/de\/articles\/depenses-de-pensions\/#article","isPartOf":{"@id":"https:\/\/www.improof.lu\/de\/articles\/depenses-de-pensions\/"},"author":{"name":"Nermin Plavsic","@id":"https:\/\/www.improof.lu\/de\/#\/schema\/person\/8b7e0720f9ab34bd8b12af9dbf2592a6"},"headline":"D\u00e9penses de pensions : enjeu incertain, mais tout \u00e0 fait ma\u00eetrisable","datePublished":"2024-11-05T14:57:42+00:00","dateModified":"2025-04-08T10:59:41+00:00","mainEntityOfPage":{"@id":"https:\/\/www.improof.lu\/de\/articles\/depenses-de-pensions\/"},"wordCount":2472,"commentCount":0,"publisher":{"@id":"https:\/\/www.improof.lu\/de\/#organization"},"image":{"@id":"https:\/\/www.improof.lu\/de\/articles\/depenses-de-pensions\/#primaryimage"},"thumbnailUrl":"https:\/\/www.improof.lu\/app\/uploads\/2024\/11\/grey-graf-1.jpg","articleSection":["Unkategorisiert"],"inLanguage":"de-DE","potentialAction":[{"@type":"CommentAction","name":"Comment","target":["https:\/\/www.improof.lu\/de\/articles\/depenses-de-pensions\/#respond"]}]},{"@type":"WebPage","@id":"https:\/\/www.improof.lu\/de\/articles\/depenses-de-pensions\/","url":"https:\/\/www.improof.lu\/de\/articles\/depenses-de-pensions\/","name":"D\u00e9penses de pensions : enjeu incertain, mais tout \u00e0 fait ma\u00eetrisable - Improof","isPartOf":{"@id":"https:\/\/www.improof.lu\/de\/#website"},"primaryImageOfPage":{"@id":"https:\/\/www.improof.lu\/de\/articles\/depenses-de-pensions\/#primaryimage"},"image":{"@id":"https:\/\/www.improof.lu\/de\/articles\/depenses-de-pensions\/#primaryimage"},"thumbnailUrl":"https:\/\/www.improof.lu\/app\/uploads\/2024\/11\/grey-graf-1.jpg","datePublished":"2024-11-05T14:57:42+00:00","dateModified":"2025-04-08T10:59:41+00:00","breadcrumb":{"@id":"https:\/\/www.improof.lu\/de\/articles\/depenses-de-pensions\/#breadcrumb"},"inLanguage":"de-DE","potentialAction":[{"@type":"ReadAction","target":["https:\/\/www.improof.lu\/de\/articles\/depenses-de-pensions\/"]}]},{"@type":"ImageObject","inLanguage":"de-DE","@id":"https:\/\/www.improof.lu\/de\/articles\/depenses-de-pensions\/#primaryimage","url":"https:\/\/www.improof.lu\/app\/uploads\/2024\/11\/grey-graf-1.jpg","contentUrl":"https:\/\/www.improof.lu\/app\/uploads\/2024\/11\/grey-graf-1.jpg"},{"@type":"BreadcrumbList","@id":"https:\/\/www.improof.lu\/de\/articles\/depenses-de-pensions\/#breadcrumb","itemListElement":[{"@type":"ListItem","position":1,"name":"Home","item":"https:\/\/www.improof.lu\/de\/"},{"@type":"ListItem","position":2,"name":"D\u00e9penses de pensions : enjeu incertain, mais tout \u00e0 fait ma\u00eetrisable"}]},{"@type":"WebSite","@id":"https:\/\/www.improof.lu\/de\/#website","url":"https:\/\/www.improof.lu\/de\/","name":"Improof","description":"Tagline goes here","publisher":{"@id":"https:\/\/www.improof.lu\/de\/#organization"},"potentialAction":[{"@type":"SearchAction","target":{"@type":"EntryPoint","urlTemplate":"https:\/\/www.improof.lu\/de\/?s={search_term_string}"},"query-input":{"@type":"PropertyValueSpecification","valueRequired":true,"valueName":"search_term_string"}}],"inLanguage":"de-DE"},{"@type":"Organization","@id":"https:\/\/www.improof.lu\/de\/#organization","name":"Improof","url":"https:\/\/www.improof.lu\/de\/","logo":{"@type":"ImageObject","inLanguage":"de-DE","@id":"https:\/\/www.improof.lu\/de\/#\/schema\/logo\/image\/","url":"https:\/\/www.improof.lu\/app\/uploads\/2022\/10\/improof-logo-svg.png","contentUrl":"https:\/\/www.improof.lu\/app\/uploads\/2022\/10\/improof-logo-svg.png","width":652,"height":209,"caption":"Improof"},"image":{"@id":"https:\/\/www.improof.lu\/de\/#\/schema\/logo\/image\/"}},{"@type":"Person","@id":"https:\/\/www.improof.lu\/de\/#\/schema\/person\/8b7e0720f9ab34bd8b12af9dbf2592a6","name":"Nermin Plavsic","image":{"@type":"ImageObject","inLanguage":"de-DE","@id":"https:\/\/www.improof.lu\/de\/#\/schema\/person\/image\/","url":"https:\/\/secure.gravatar.com\/avatar\/1b010c13286dbffe130fb77dd68cc999?s=96&d=mm&r=g","contentUrl":"https:\/\/secure.gravatar.com\/avatar\/1b010c13286dbffe130fb77dd68cc999?s=96&d=mm&r=g","caption":"Nermin Plavsic"},"url":"https:\/\/www.improof.lu\/de\/articles\/author\/nermin-plavsic\/"}]}},"_links":{"self":[{"href":"https:\/\/www.improof.lu\/de\/wp-json\/wp\/v2\/posts\/2228","targetHints":{"allow":["GET"]}}],"collection":[{"href":"https:\/\/www.improof.lu\/de\/wp-json\/wp\/v2\/posts"}],"about":[{"href":"https:\/\/www.improof.lu\/de\/wp-json\/wp\/v2\/types\/post"}],"author":[{"embeddable":true,"href":"https:\/\/www.improof.lu\/de\/wp-json\/wp\/v2\/users\/11"}],"replies":[{"embeddable":true,"href":"https:\/\/www.improof.lu\/de\/wp-json\/wp\/v2\/comments?post=2228"}],"version-history":[{"count":4,"href":"https:\/\/www.improof.lu\/de\/wp-json\/wp\/v2\/posts\/2228\/revisions"}],"predecessor-version":[{"id":2239,"href":"https:\/\/www.improof.lu\/de\/wp-json\/wp\/v2\/posts\/2228\/revisions\/2239"}],"wp:attachment":[{"href":"https:\/\/www.improof.lu\/de\/wp-json\/wp\/v2\/media?parent=2228"}],"wp:term":[{"taxonomy":"category","embeddable":true,"href":"https:\/\/www.improof.lu\/de\/wp-json\/wp\/v2\/categories?post=2228"},{"taxonomy":"post_tag","embeddable":true,"href":"https:\/\/www.improof.lu\/de\/wp-json\/wp\/v2\/tags?post=2228"}],"curies":[{"name":"wp","href":"https:\/\/api.w.org\/{rel}","templated":true}]}}