{"id":2611,"date":"2025-04-24T10:02:35","date_gmt":"2025-04-24T10:02:35","guid":{"rendered":"https:\/\/www.improof.lu\/?p=2611"},"modified":"2025-04-24T10:02:35","modified_gmt":"2025-04-24T10:02:35","slug":"du-clic-a-la-crise","status":"publish","type":"post","link":"https:\/\/www.improof.lu\/de\/articles\/du-clic-a-la-crise\/","title":{"rendered":"Du clic \u00e0 la crise : le co\u00fbt cach\u00e9 du confort num\u00e9rique"},"content":{"rendered":"<h2>Vous les voyez aussi ?<\/h2>\n<p>Ces messagers de la nuit sillonnent la ville sur leurs fid\u00e8les v\u00e9los, un sac aux teintes \u00e9clatantes \u2013 souvent plus large qu\u2019eux \u2013 solidement arrim\u00e9 sur le dos. On les croise \u00e0 chaque coin de rue, leur insigne de vassalit\u00e9 bien en \u00e9vidence, soldats d\u2019un empire num\u00e9rique qui leur refuse jusqu\u2019\u00e0 leur propre monture. Car \u00e9trangement, leurs v\u00e9los sont souvent des V\u00e9l\u2019OH, ce syst\u00e8me de v\u00e9los \u00e9lectriques subventionn\u00e9s par la collectivit\u00e9.<\/p>\n<p>On les remarque surtout lorsqu\u2019ils nous &#8220;importunent&#8221;, zigzaguant entre les voitures climatis\u00e9es et rutilantes. Ces bolides d\u2019acier de plus d\u2019une tonne, eux, ne sont jamais une menace.<\/p>\n<p>Non, le danger, c\u2019est cette silhouette fluette qui tente d\u2019arracher une minute \u00e0 l\u2019horloge impitoyable, dans l\u2019espoir que la prochaine course paiera peut-\u00eatre son d\u00eener.<\/p>\n<h2>Et pendant ce temps\u2026<\/h2>\n<p>Elle, citadine moderne, regagne son nid chaleureux apr\u00e8s une longue journ\u00e9e de travail, ayant brav\u00e9 son d\u00e9fi final : les bouchons de fin de journ\u00e9e. La famille, \u00e9parse tout au long de la journ\u00e9e, se reforme pour quelques instants vol\u00e9s. Les enfants, tout juste extraits de la maison-relais, envahissent le salon. Le mari, las de ses combats quotidiens, d\u00e9pose enfin l\u2019armure \u2013 cravate et mocassins \u2013 avant de s\u2019effondrer devant un \u00e9cran hypnotique.<\/p>\n<p>Mais la question du repas se pose, redoutable. Cuisiner ? Trop m\u00e9di\u00e9val. Ce soir, ce sera festin\u2026 digital ! D\u2019un doigt expert, ils invoquent les mages invisibles de la restauration en ligne. Italien, chinois, kebab, indien\u2026 tout est l\u00e0, \u00e0 port\u00e9e de clic, avec la promesse d\u2019un festin imminent. L\u2019illusion du contr\u00f4le est parfaite.<\/p>\n<p>Pour apaiser le temps d\u2019attente, elle glisse un livre inspirant dans son panier Amazon. Une robe aussi, parce que, apr\u00e8s tout, la mode, c\u2019est du bien-\u00eatre. Et comme par enchantement \u2013 ou plut\u00f4t, gr\u00e2ce \u00e0 un algorithme omniscient \u2013 une offre de consultation de style gratuite s\u2019affiche. Que la modernit\u00e9 est g\u00e9n\u00e9reuse ! Pendant ce temps, son fid\u00e8le compagnon trinque avec sa bi\u00e8re, absorb\u00e9 par une r\u00e9alit\u00e9 soigneusement sc\u00e9naris\u00e9e par Netflix.<\/p>\n<p><strong>Enfin, le repas arrive.<\/strong><\/p>\n<p>Un des chevaliers du bitume a travers\u00e9 la temp\u00eate \u2013 qu\u2019elle soit de pluie, d\u2019indiff\u00e9rence ou de m\u00e9pris \u2013 pour d\u00e9poser l\u2019offrande devant la porte. R\u00e9mun\u00e9r\u00e9 \u00e0 la course, sans revenu fixe, il repart sans un mot, d\u00e9j\u00e0 absorb\u00e9 par une nouvelle convocation num\u00e9rique. Peu importe si l\u2019emballage d\u00e9gouline et que le repas ti\u00e9dit. L\u2019essentiel est ailleurs : ne surtout pas ralentir, ne surtout pas r\u00e9fl\u00e9chir.<\/p>\n<p>Les barquettes en aluminium et plastique sont englouties aussi vite que leur contenu. La r\u00e9duction des d\u00e9chets ? Un noble combat\u2026 pour demain.<\/p>\n<p>Pendant qu\u2019ils d\u00e9gustent leur repas, discutant de leur journ\u00e9e, ils se lamentent sur la disparition des commerces individuels de proximit\u00e9, <a href=\"https:\/\/infos.rtl.lu\/lifestyle\/gastronomie\/a\/2291593.html\" target=\"_blank\" rel=\"noopener\"><span style=\"text-decoration: underline;\"><em>plus de caf\u00e9s, plus de restaurants<\/em><\/span><\/a>, plus rien \u00e0 voir, cette offre des grandes cha\u00eenes avec leur offre standardis\u00e9e, d\u00e9pourvue d\u2018\u00e2me \u2026 et ces livreurs en v\u00e9lo qui roulent dans tous les sens.<\/p>\n<h2>Ceci est, bien \u00e9videmment, une caricature.<\/h2>\n<p>Envie d\u2019en rire ? Je vous propose de regarder ce sketch de Johann K\u00f6nig, qui capture l\u2019absurdit\u00e9 de ce ph\u00e9nom\u00e8ne : <span style=\"text-decoration: underline;\"><em><a href=\"https:\/\/www.youtube.com\/watch?v=H8hKWNlURgc\" target=\"_blank\" rel=\"noopener\">Regardez ici.<\/a><\/em><\/span><\/p>\n<p>La r\u00e9alit\u00e9 est plus nuanc\u00e9e, mais la tendance reste \u00e9vidente. Ce sc\u00e9nario extr\u00eame imagine un mode de vie o\u00f9 la recherche du confort imm\u00e9diat prime sur la qualit\u00e9 et le lien social. Une soci\u00e9t\u00e9 o\u00f9 tout devient accessible d\u2019un simple clic, o\u00f9 la gratification instantan\u00e9e fa\u00e7onne nos habitudes de consommation et red\u00e9finit nos rapports avec le commerce local. Par moments, on a l&#8217;impression de se retrouver dans le film d&#8217;animation Wall-E de Disney (<span style=\"text-decoration: underline;\"><em><a href=\"https:\/\/www.youtube.com\/watch?v=h1BQPV-iCkU\" target=\"_blank\" rel=\"noopener\">une recommandation, m\u00eame pour les grands<\/a><\/em><\/span>), sorti en 2008&#8230; ou \u00e9tait-ce, en r\u00e9alit\u00e9, une vision pr\u00e9monitoire ?<\/p>\n<h2>L\u2019\u0153uf ou la poule ?<\/h2>\n<p>Le ph\u00e9nom\u00e8ne d\u00e9crit refl\u00e8te une r\u00e9alit\u00e9 grandissante : le commerce, <span style=\"text-decoration: underline;\"><em><a href=\"https:\/\/infos.rtl.lu\/lifestyle\/gastronomie\/a\/2291593.html\" target=\"_blank\" rel=\"noopener\">l&#8217;Horesca<\/a><\/em><\/span> et l&#8217;artisanat subissent les lourdes cons\u00e9quences de la transition vers le commerce en ligne avec leur offre standardis\u00e9e domin\u00e9e par quelques monopoles mondiaux. Les petites boutiques, ces restaurants ind\u00e9pendants autrefois synonymes de lieux de rencontre et d&#8217;\u00e9change, disparaissent peu \u00e0 peu, asphyxi\u00e9s par leurs frais fixes et la domination des plateformes num\u00e9riques.<\/p>\n<p>Les livreurs anonymes, cette g\u00eane dans le trafic, vivent dans des conditions pr\u00e9caires. Nombre d\u2019entre eux sont r\u00e9mun\u00e9r\u00e9s \u00e0 la course, sans salaire fixe, contraints d\u2019emprunter les v\u00e9los subventionn\u00e9s par la collectivit\u00e9. <span style=\"text-decoration: underline;\"><em><a href=\"https:\/\/press.wolt.com\/fr-LU\/244412-qui-sont-les-livreurs-au-luxembourg\" target=\"_blank\" rel=\"noopener\">Une \u00e9tude men\u00e9e par Copenhagen Economics<\/a><\/em><\/span> r\u00e9v\u00e8le que ces travailleurs sont principalement des \u00e9tudiants, des travailleurs ind\u00e9pendants ou des retrait\u00e9s, attir\u00e9s par la flexibilit\u00e9 offerte par ces emplois \u00e0 temps partiel.<\/p>\n<p>Le commerce traditionnel c\u00e8de place \u00e0 la logistique, moins co\u00fbteuse, aux produits standardis\u00e9s, rationalis\u00e9s et anonymes. Et au final\u2026 prendre son ap\u00e9ritif \u00e0 la maison nous \u00e9pargne non seulement les risques d\u2019accidents (et d&#8217;amendes en cas de contr\u00f4le), mais nous permet aussi de faire\u2026 nos courses en ligne, n\u2019est-ce pas ?<\/p>\n<h2>Croissance du e-commerce et impact sur le commerce local &#8211; un ph\u00e9nom\u00e8ne global<\/h2>\n<p>Selon une \u00e9tude de la f\u00e9d\u00e9ration luxembourgeoise du digital ecom.lu, <span style=\"text-decoration: underline;\"><em><a href=\"https:\/\/www.retis.lu\/publications\/e-commerce-au-grand-duche-de-luxembourg-etat-des-lieux-en-2024\/?utm_\" target=\"_blank\" rel=\"noopener\">plus de 70% des consommateurs luxembourgeois effectuent des achats en ligne au moins une fois par mois<\/a><\/em><\/span>. Cette tendance se traduit par une hausse significative des <span style=\"text-decoration: underline;\"><em><a href=\"https:\/\/infos.rtl.lu\/actu\/luxembourg\/a\/1914443.html?utm_\" target=\"_blank\" rel=\"noopener\">livraisons de colis<\/a><\/em><\/span>. En 2021, environ 7 millions de paquets ont \u00e9t\u00e9 distribu\u00e9s, doublant par rapport \u00e0 2017. Cependant, cette croissance profite majoritairement aux g\u00e9ants du e-commerce \u00e9trangers, les r\u00e9sidents du Luxembourg effectuant 87,5% de leurs achats en ligne sur des sites bas\u00e9s \u00e0 l&#8217;\u00e9tranger (<span style=\"text-decoration: underline;\"><em><a href=\"https:\/\/paperjam.lu\/article\/commerce-indispensable-digital?utm_\" target=\"_blank\" rel=\"noopener\">source<\/a><\/em><\/span>). Alors que les cartons et autres d\u00e9chets sont trait\u00e9s localement, les co\u00fbts \u2014 qu\u2019il s\u2019agisse du recyclage ou de l\u2019usure des routes emprunt\u00e9es par les camions Amazon \u2014 sont, une fois de plus, support\u00e9s par la collectivit\u00e9 locale : nous.<\/p>\n<p>Cela met en p\u00e9ril les commerces de proximit\u00e9, qui <span style=\"text-decoration: underline;\"><em><a href=\"https:\/\/www.virgule.lu\/luxembourg\/le-luxembourg-a-la-traine-pour-le-e-commerce\/13715.html?utm_\" target=\"_blank\" rel=\"noopener\">peinent \u00e0 s&#8217;adapter<\/a><\/em><\/span> \u00e0 la concurrence en ligne. Moins de 10% des entreprises luxembourgeoises ont d\u00e9velopp\u00e9 une offre de vente en ligne, pla\u00e7ant le Luxembourg parmi les pays les moins avanc\u00e9s en mati\u00e8re de digitalisation commerciale.<\/p>\n<h2>Boutiques et plateformes : un duel in\u00e9gal<\/h2>\n<p>Alors qu\u2019une majorit\u00e9 de consommateurs exprime un attachement aux achats physiques, appr\u00e9ciant le contact humain et l\u2019exp\u00e9rience sensorielle des boutiques traditionnelles, <span style=\"text-decoration: underline;\"><em><a href=\"https:\/\/www.mbdconsulting.ch\/publications\/e-commerce-fin-boutiques-traditionnelles?utm_\" target=\"_blank\" rel=\"noopener\">la tentation du confort num\u00e9rique reste forte<\/a><\/em><\/span>, aliment\u00e9e par des plateformes offrant une gratification instantan\u00e9e.<\/p>\n<p><strong>La r\u00e9alit\u00e9 cach\u00e9e : l\u2019e-commerce n\u2019est pas du commerce, mais de la logistique.<\/strong> Le commerce de proximit\u00e9 repose sur un \u00e9quilibre fragile : des frais fixes \u00e9lev\u00e9s, notamment des loyers, imposent une masse critique de clients \u00e0 atteindre dans un p\u00e9rim\u00e8tre restreint. \u00c0 l\u2019inverse, l\u2019e-commerce, qui repose davantage sur la logistique que sur le commerce \u00e0 proprement parler, fonctionne avec des co\u00fbts variables et une flexibilit\u00e9 bien plus grande. R\u00e9sultat : une force de frappe in\u00e9gal\u00e9e, une capacit\u00e9 \u00e0 lisser les fluctuations et une domination progressive des g\u00e9ants du num\u00e9rique sur les petits acteurs locaux.<\/p>\n<h2>Tout pour le consommateur<\/h2>\n<p>La logique du 24\/7, bien qu\u2019elle s\u2019aligne avec une demande mondiale croissante de flexibilit\u00e9 et de prix comp\u00e9titifs, engendre des cons\u00e9quences d\u00e9sastreuses sur les conditions de travail des salari\u00e9s dans les secteurs concern\u00e9s, \u00e0 l\u2019\u00e9chelle mondiale. Pour satisfaire ces exigences de co\u00fbts et de volumes, il devient n\u00e9cessaire de d\u00e9localiser la production dans des r\u00e9gions o\u00f9 les droits des travailleurs sont syst\u00e9matiquement ignor\u00e9s. Dans un contexte o\u00f9 cette dynamique s\u2019intensifie \u00e0 une vitesse fulgurante, il est l\u00e9gitime de se demander quelles alternatives viables pourraient \u00e9merger pour inverser cette tendance et r\u00e9tablir un \u00e9quilibre plus juste et durable.<\/p>\n<h2>\u00c9volution des commerces : adaptation ou disparition ?<\/h2>\n<p><strong>Accepter la d\u00e9faite et laisser faire ?<\/strong> Une cons\u00e9quence qui semble s\u2019installer. \u00c0 la cl\u00e9 : la fermeture progressive des magasins, caf\u00e9s et restaurants\u2026 et, avec eux, la disparition d\u2019emplois essentiels \u00e0 la vie locale. \u00c0 quoi ressembleraient nos villes sans ce tissu vivant d\u2019\u00e9changes, de rencontres, de diversit\u00e9 ? Sans ces lieux qui rassemblent les gens, les histoires, les cultures ?<\/p>\n<p><strong>Des mod\u00e8les hybrides comme r\u00e9ponse ?<\/strong> Transformer les espaces physiques en points de retrait pour les commandes en ligne \u2013 via le mod\u00e8le du click &amp; collect \u2013 pourrait offrir un second souffle aux commerces traditionnels, tout en r\u00e9pondant aux attentes contemporaines des consommateurs. Cette formule combine la simplicit\u00e9 du num\u00e9rique avec le lien de proximit\u00e9. Une piste prometteuse, certes, mais qui implique de relever plusieurs d\u00e9fis : investissements technologiques, charges locatives toujours pr\u00e9sentes, et surtout, la n\u00e9cessit\u00e9 d\u2019atteindre une masse critique de clients pour rendre le mod\u00e8le viable.<\/p>\n<p>La vraie question est peut-\u00eatre l\u00e0 : les clients sont-ils pr\u00eats, au nom du bien-\u00eatre local, \u00e0 payer un peu plus ?<\/p>\n<p><strong>Quel avenir pour les jeunes professionnels ?<\/strong> Ce commerce hybride requiert des comp\u00e9tences diff\u00e9rentes de celles du commerce traditionnel. Que faisons-nous des jeunes qui aspirent \u00e0 s\u2019\u00e9panouir dans la vente et le service, remplac\u00e9s par des plateformes num\u00e9riques et de la logistique ? Devons-nous les envoyer livrer des pizzas ti\u00e8des \u00e0 v\u00e9lo ?<\/p>\n<h2>Solutions<\/h2>\n<p>Avec l&#8217;essor du e-commerce et des services en ligne, les attentes des consommateurs en mati\u00e8re de flexibilit\u00e9 et d\u2019accessibilit\u00e9 ne cessent de cro\u00eetre. Face \u00e0 cette transformation quasi in\u00e9luctable, les solutions envisag\u00e9es peinent \u00e0 faire plus qu\u2019effleurer le probl\u00e8me.<\/p>\n<h2>R\u00e9forme des heures d\u2019ouverture du commerce local propos\u00e9e par le Gouvernement luxembourgeois<\/h2>\n<p>Pour y rem\u00e9dier, le Conseil de gouvernement a approuv\u00e9 une proposition de loi sur la r\u00e9glementation des heures d\u2019ouverture dans le secteur du commerce et de l&#8217;artisanat. Ce projet, inscrit dans l&#8217;accord de coalition 2023-2028, vise \u00e0 r\u00e9former et moderniser le secteur en r\u00e9ponse aux nouvelles habitudes de consommation des Luxembourgeois.<\/p>\n<p>Les nouvelles plages horaires propos\u00e9es par le projet de loi sont les suivantes :<\/p>\n<ul style=\"list-style-type: circle;\">\n<li>Du lundi au vendredi : de 5h00 \u00e0 22h00<\/li>\n<li>Le samedi, dimanche et jours f\u00e9ri\u00e9s l\u00e9gaux : de 5h00 \u00e0 19h00<\/li>\n<li>Le 22 juin ainsi que les 24 et 31 d\u00e9cembre : de 5h00 \u00e0 18h00<\/li>\n<\/ul>\n<p>Cette r\u00e9forme ambitionne d\u2019offrir plus de flexibilit\u00e9 aux commerces individuels, en situation d\u2019asphyxie. Toutefois, cette flexibilit\u00e9 pourrait se transformer en contrainte suppl\u00e9mentaire pour les petits commerces individuels. Avec des charges d\u00e9j\u00e0 lourdes et un personnel limit\u00e9, ils risquent de se retrouver face \u00e0 un dilemme : allonger leurs horaires au prix d\u2019une surcharge de travail ou embaucher, sans garantie de rentabilit\u00e9 \u00e0 court ou moyen terme. Pour un commer\u00e7ant ind\u00e9pendant qui assume d\u00e9j\u00e0 des semaines de 60 heures en moyenne, ces nouvelles obligations pourraient se traduire par des co\u00fbts suppl\u00e9mentaires difficilement soutenables. Ne risque-t-on pas, sous couvert d\u2019adaptation, de renforcer encore un peu plus la domination des grandes enseignes internationales, dot\u00e9es de moyens logistiques et humains sans commune mesure ?<\/p>\n<h2>Les syndicats alarm\u00e9s<\/h2>\n<p>Les syndicats consid\u00e8rent cette \u00e9volution comme un signal d\u2019alarme, mena\u00e7ant des acquis durement obtenus au fil des d\u00e9cennies. <em>\u201cPlut\u00f4t que de traiter ces questions de mani\u00e8re concert\u00e9e au sein du Comit\u00e9 permanent du travail et de l\u2019emploi (CPTE), le gouvernement contourne d\u00e9lib\u00e9r\u00e9ment cette instance tripartite et les principes du dialogue social \u00e0 la luxembourgeoise, imposant ses d\u00e9cisions aux partenaires sociaux dans une posture r\u00e9solument patronale\u201c<\/em>, d\u00e9noncent-ils. Unis dans leur opposition, les syndicats LCGB et OGBL ont m\u00eame d\u00e9cid\u00e9 de conjuguer leurs forces pour s\u2019opposer fermement aux d\u00e9cisions du gouvernement actuel, lib\u00e9ral, et annoncent une action plus large pr\u00e9vue <span style=\"text-decoration: underline;\"><em><a href=\"https:\/\/www.wort.lu\/politik\/historisch-ogbl-und-lcgb-starten-gemeinsame-front-gegen-regierung\/36276714.html\" target=\"_blank\" rel=\"noopener\">le 28 juin prochain<\/a><\/em><\/span>.<\/p>\n<p>Une photo parue dans <span style=\"text-decoration: underline;\"><em><a href=\"https:\/\/www.wort.lu\/politik\/ogbl-und-lcgb-protestieren-gegen-laengere-oeffnungszeiten-%E2%80%93-touristen-machen-mit\/37777974.html\" target=\"_blank\" rel=\"noopener\">Luxemburger Wort<\/a><\/em><\/span> immortalise une premi\u00e8re manifestation devant la Chambre des d\u00e9put\u00e9s. Ironie du sort, des touristes asiatiques se sont invit\u00e9s dans l&#8217;image, jouant les &#8220;photobombeurs\u201d. Selon le LW, ils se sont fait le plaisir de se joindre spontan\u00e9ment \u00e0 cette manifestation. Face \u00e0 l&#8217;importance du sujet, on peut se demander : s&#8217;agit-il d&#8217;une maladresse ou d&#8217;une insouciance de la part du photographe ? Suis-je la seule \u00e0 y percevoir l\u2019ironie, voire le manque de respect que cette photo v\u00e9hicule ? On y voit des syndicats, garants d\u2019une mission essentielle dans notre mod\u00e8le social, captur\u00e9s aux c\u00f4t\u00e9s de ceux dont l\u2019\u00e9conomie fa\u00e7onne profond\u00e9ment nos modes de consommation, qu\u2019ils soient en ligne ou standardis\u00e9s. Pour moi, cette image soul\u00e8ve une r\u00e9flexion sur la tension entre des valeurs de solidarit\u00e9 et des forces \u00e9conomiques mondialis\u00e9es qui influencent nos vies.<\/p>\n<p>Cette insouciance presque na\u00efve, fig\u00e9e dans l\u2019instant, met en lumi\u00e8re la complexit\u00e9 d\u2019un syst\u00e8me o\u00f9 ceux qui souffrent des cons\u00e9quences d\u2019un mod\u00e8le \u00e9conomique sont, le temps d\u2019une photo, rejoints par ceux qui en sont parfois des moteurs involontaires, \u00e0 travers le tourisme de masse ou la consommation mondialis\u00e9e.<\/p>\n<h2>R\u00e9gulation et adaptation du mod\u00e8le \u00e9conomique<\/h2>\n<p>Le d\u00e9veloppement rapide des plateformes de livraison a transform\u00e9 notre fa\u00e7on de consommer, offrant une commodit\u00e9 in\u00e9gal\u00e9e tout en soulevant des questions \u00e9thiques et \u00e9conomiques. Si ces services facilitent l\u2019acc\u00e8s \u00e0 une grande vari\u00e9t\u00e9 de produits, ils fragilisent les commerces locaux en captant une part croissante de leur chiffre d\u2019affaires tout en <strong>externalisant les co\u00fbts sociaux et fiscaux.<\/strong><\/p>\n<p><strong>\u00c9quilibrer la concurrence :<\/strong> Ne serait-il pas pertinent d\u2019imposer aux plateformes des cotisations sociales et des taxes sup\u00e9rieures \u00e0 celles support\u00e9es par les commerces physiques ? (Rien que pour compenser les frais invisibles port\u00e9s par la collectivit\u00e9.)<\/p>\n<p><strong>Favoriser les commerces de proximit\u00e9 :<\/strong> Une r\u00e9duction cibl\u00e9e de la TVA pourrait leur donner un avantage comp\u00e9titif et leur donner le souffle dont ils ont besoin pour entamer la prochaine \u00e9tape.<\/p>\n<h2>Revalorisation des m\u00e9tiers locaux<\/h2>\n<p>Les commerces de proximit\u00e9 doivent \u00e9galement repenser leur mod\u00e8le pour survivre face \u00e0 ces mutations.<\/p>\n<p><strong>Soutenir l\u2019innovation locale :<\/strong> Un accompagnement financier et technique pourrait les aider \u00e0 d\u00e9velopper leurs propres services de livraison mutualis\u00e9s.<\/p>\n<p><strong>Former aux outils num\u00e9riques :<\/strong> Une meilleure ma\u00eetrise des technologies permettrait aux commer\u00e7ants de capter leur client\u00e8le et de proposer des services en phase avec les nouvelles habitudes de consommation.<\/p>\n<p><strong>Cr\u00e9er des circuits courts de livraison :<\/strong> Des coop\u00e9ratives de livreurs salari\u00e9s ou des partenariats encadr\u00e9s avec des ind\u00e9pendants offriraient une alternative plus \u00e9quitable et durable aux grandes plateformes.<\/p>\n<h2>Une mobilisation collective n\u00e9cessaire<\/h2>\n<p><strong>Les commerces,<\/strong> au-del\u00e0 de l\u2019impl\u00e9mentation d\u2019un mod\u00e8le hybride (dont le co\u00fbt reste un d\u00e9fi majeur), doivent miser sur leur atout principal : l\u2019exp\u00e9rience en magasin. Un accueil soign\u00e9, un conseil personnalis\u00e9 et des avantages et services exclusifs cr\u00e9ent une valeur humaine irrempla\u00e7able, r\u00e9compensant ceux qui choisissent le local.<\/p>\n<p><strong>Les propri\u00e9taires de locaux<\/strong> doivent, eux aussi, repenser leurs attentes s\u2019ils souhaitent pr\u00e9server \u2013 voire revaloriser \u2013 leur patrimoine. Adapter les loyers aux r\u00e9alit\u00e9s \u00e9conomiques actuelles, plut\u00f4t que de les aligner sur les standards des grandes cha\u00eenes ou les niveaux d\u2019avant-crise, pourrait contribuer \u00e0 la survie des commerces ind\u00e9pendants. Un local occup\u00e9, c\u2019est un espace vivant, une rue anim\u00e9e, une ville plus s\u00fbre\u2026 et, \u00e0 terme, une valorisation immobili\u00e8re durable.<\/p>\n<p>Aujourd\u2019hui, les vacances commerciales \u2013 impensables il y a encore dix ans \u2013 se multiplient, entra\u00eenant une baisse de fr\u00e9quentation, une d\u00e9gradation de l\u2019environnement urbain, et une recrudescence de l\u2019ins\u00e9curit\u00e9. \u00c0 l\u2019absence de revenus locatifs s\u2019ajoute ainsi une d\u00e9pr\u00e9ciation du bien.<\/p>\n<p>Et si on inversait la logique ? Accepter un loyer plus modeste aujourd\u2019hui pour encourager l\u2019activit\u00e9, redynamiser le quartier et, in fine, renforcer la valeur du bien. Une solution pragmatique, lucide \u2013 et vitale \u2013 pour l\u2019avenir de nos villes.<\/p>\n<p><strong>Quant aux consommateurs \u2013 nous tous ! \u2013<\/strong> notre pouvoir de d\u00e9cision est d\u00e9terminant. Que nous soyons entrepreneurs, salari\u00e9s, propri\u00e9taires ou m\u00eame coursiers de pizzas ti\u00e8des, nos choix quotidiens fa\u00e7onnent l\u2019avenir du commerce de proximit\u00e9. Privil\u00e9gier les enseignes locales, valoriser la qualit\u00e9 du service et reconna\u00eetre la r\u00e9alit\u00e9 \u00e9conomique derri\u00e8re chaque achat, c\u2019est participer \u00e0 un \u00e9quilibre plus juste. <strong>Oui, ici, un article peut \u00eatre plus cher.<\/strong> Mais avant de cliquer ailleurs, pensons aux loyers, aux salaires, aux co\u00fbts incompressibles&#8230; et au droit fondamental de g\u00e9n\u00e9rer un \u00e9change \u00e9quilibr\u00e9.<\/p>\n<h2>Vers un \u00e9quilibre durable<\/h2>\n<p>En combinant une r\u00e9gulation adapt\u00e9e, des initiatives locales innovantes et une sensibilisation accrue de toutes les parties prenantes, nous pouvons r\u00e9tablir un \u00e9quilibre entre commerces de proximit\u00e9 et plateformes num\u00e9riques. <strong>Il devient de plus en plus \u00e9vident que ce r\u00e9\u00e9quilibrage n\u00e9cessitera un effort collectif, impliquant toutes les parties prenantes.<\/strong><\/p>\n","protected":false},"excerpt":{"rendered":"<p>Le d\u00e9veloppement rapide des plateformes de livraison a transform\u00e9 notre fa\u00e7on de consommer, offrant une commodit\u00e9 in\u00e9gal\u00e9e tout en soulevant des questions \u00e9thiques et \u00e9conomiques. Si ces services facilitent l\u2019acc\u00e8s \u00e0 une grande vari\u00e9t\u00e9 de produits, ils fragilisent les commerces locaux en captant une part croissante de leur chiffre d\u2019affaires tout en externalisant les co\u00fbts sociaux et fiscaux.<\/p>\n","protected":false},"author":11,"featured_media":0,"comment_status":"open","ping_status":"open","sticky":false,"template":"","format":"standard","meta":{"_acf_changed":false,"footnotes":""},"categories":[3],"tags":[],"class_list":["post-2611","post","type-post","status-publish","format-standard","hentry","category-unkategorisiert","topic-arbeit","format-text-de"],"acf":[],"yoast_head":"<!-- This site is optimized with the Yoast SEO plugin v23.9 - https:\/\/yoast.com\/wordpress\/plugins\/seo\/ -->\n<title>Du clic \u00e0 la crise : le co\u00fbt cach\u00e9 du confort num\u00e9rique - Improof<\/title>\n<meta name=\"robots\" content=\"index, follow, max-snippet:-1, max-image-preview:large, max-video-preview:-1\" \/>\n<link rel=\"canonical\" href=\"https:\/\/www.improof.lu\/de\/articles\/du-clic-a-la-crise\/\" \/>\n<meta property=\"og:locale\" content=\"de_DE\" \/>\n<meta property=\"og:type\" content=\"article\" \/>\n<meta property=\"og:title\" content=\"Du clic \u00e0 la crise : le co\u00fbt cach\u00e9 du confort num\u00e9rique\" \/>\n<meta property=\"og:description\" content=\"Le d\u00e9veloppement rapide des plateformes de livraison a transform\u00e9 notre fa\u00e7on de consommer, offrant une commodit\u00e9 in\u00e9gal\u00e9e tout en soulevant des questions \u00e9thiques et \u00e9conomiques. Si ces services facilitent l\u2019acc\u00e8s \u00e0 une grande vari\u00e9t\u00e9 de produits, ils fragilisent les commerces locaux en captant une part croissante de leur chiffre d\u2019affaires tout en externalisant les co\u00fbts sociaux et fiscaux.\" \/>\n<meta property=\"og:url\" content=\"https:\/\/www.improof.lu\/de\/articles\/du-clic-a-la-crise\/\" \/>\n<meta property=\"og:site_name\" content=\"Improof\" \/>\n<meta property=\"article:published_time\" content=\"2025-04-24T10:02:35+00:00\" \/>\n<meta property=\"og:image\" content=\"https:\/\/www.improof.lu\/app\/uploads\/2025\/04\/livreur-1024x574.png\" \/>\n<meta name=\"author\" content=\"Nermin Plavsic\" \/>\n<meta name=\"twitter:card\" content=\"summary_large_image\" \/>\n<meta name=\"twitter:title\" content=\"Du clic \u00e0 la crise : le co\u00fbt cach\u00e9 du confort num\u00e9rique\" \/>\n<meta name=\"twitter:description\" content=\"Le d\u00e9veloppement rapide des plateformes de livraison a transform\u00e9 notre fa\u00e7on de consommer, offrant une commodit\u00e9 in\u00e9gal\u00e9e tout en soulevant des questions \u00e9thiques et \u00e9conomiques. Si ces services facilitent l\u2019acc\u00e8s \u00e0 une grande vari\u00e9t\u00e9 de produits, ils fragilisent les commerces locaux en captant une part croissante de leur chiffre d\u2019affaires tout en externalisant les co\u00fbts sociaux et fiscaux.\" \/>\n<meta name=\"twitter:image\" content=\"https:\/\/www.improof.lu\/app\/uploads\/2025\/04\/livreur-1024x574.png\" \/>\n<meta name=\"twitter:label1\" content=\"Written by\" \/>\n\t<meta name=\"twitter:data1\" content=\"Nermin Plavsic\" \/>\n\t<meta name=\"twitter:label2\" content=\"Est. reading time\" \/>\n\t<meta name=\"twitter:data2\" content=\"14 minutes\" \/>\n<script type=\"application\/ld+json\" class=\"yoast-schema-graph\">{\"@context\":\"https:\/\/schema.org\",\"@graph\":[{\"@type\":\"Article\",\"@id\":\"https:\/\/www.improof.lu\/de\/articles\/du-clic-a-la-crise\/#article\",\"isPartOf\":{\"@id\":\"https:\/\/www.improof.lu\/de\/articles\/du-clic-a-la-crise\/\"},\"author\":{\"name\":\"Nermin Plavsic\",\"@id\":\"https:\/\/www.improof.lu\/de\/#\/schema\/person\/8b7e0720f9ab34bd8b12af9dbf2592a6\"},\"headline\":\"Du clic \u00e0 la crise : le co\u00fbt cach\u00e9 du confort num\u00e9rique\",\"datePublished\":\"2025-04-24T10:02:35+00:00\",\"dateModified\":\"2025-04-24T10:02:35+00:00\",\"mainEntityOfPage\":{\"@id\":\"https:\/\/www.improof.lu\/de\/articles\/du-clic-a-la-crise\/\"},\"wordCount\":2867,\"commentCount\":0,\"publisher\":{\"@id\":\"https:\/\/www.improof.lu\/de\/#organization\"},\"articleSection\":[\"Unkategorisiert\"],\"inLanguage\":\"de-DE\",\"potentialAction\":[{\"@type\":\"CommentAction\",\"name\":\"Comment\",\"target\":[\"https:\/\/www.improof.lu\/de\/articles\/du-clic-a-la-crise\/#respond\"]}]},{\"@type\":\"WebPage\",\"@id\":\"https:\/\/www.improof.lu\/de\/articles\/du-clic-a-la-crise\/\",\"url\":\"https:\/\/www.improof.lu\/de\/articles\/du-clic-a-la-crise\/\",\"name\":\"Du clic \u00e0 la crise : le co\u00fbt cach\u00e9 du confort num\u00e9rique - Improof\",\"isPartOf\":{\"@id\":\"https:\/\/www.improof.lu\/de\/#website\"},\"datePublished\":\"2025-04-24T10:02:35+00:00\",\"dateModified\":\"2025-04-24T10:02:35+00:00\",\"breadcrumb\":{\"@id\":\"https:\/\/www.improof.lu\/de\/articles\/du-clic-a-la-crise\/#breadcrumb\"},\"inLanguage\":\"de-DE\",\"potentialAction\":[{\"@type\":\"ReadAction\",\"target\":[\"https:\/\/www.improof.lu\/de\/articles\/du-clic-a-la-crise\/\"]}]},{\"@type\":\"BreadcrumbList\",\"@id\":\"https:\/\/www.improof.lu\/de\/articles\/du-clic-a-la-crise\/#breadcrumb\",\"itemListElement\":[{\"@type\":\"ListItem\",\"position\":1,\"name\":\"Home\",\"item\":\"https:\/\/www.improof.lu\/de\/\"},{\"@type\":\"ListItem\",\"position\":2,\"name\":\"Du clic \u00e0 la crise : le co\u00fbt cach\u00e9 du confort num\u00e9rique\"}]},{\"@type\":\"WebSite\",\"@id\":\"https:\/\/www.improof.lu\/de\/#website\",\"url\":\"https:\/\/www.improof.lu\/de\/\",\"name\":\"Improof\",\"description\":\"Tagline goes here\",\"publisher\":{\"@id\":\"https:\/\/www.improof.lu\/de\/#organization\"},\"potentialAction\":[{\"@type\":\"SearchAction\",\"target\":{\"@type\":\"EntryPoint\",\"urlTemplate\":\"https:\/\/www.improof.lu\/de\/?s={search_term_string}\"},\"query-input\":{\"@type\":\"PropertyValueSpecification\",\"valueRequired\":true,\"valueName\":\"search_term_string\"}}],\"inLanguage\":\"de-DE\"},{\"@type\":\"Organization\",\"@id\":\"https:\/\/www.improof.lu\/de\/#organization\",\"name\":\"Improof\",\"url\":\"https:\/\/www.improof.lu\/de\/\",\"logo\":{\"@type\":\"ImageObject\",\"inLanguage\":\"de-DE\",\"@id\":\"https:\/\/www.improof.lu\/de\/#\/schema\/logo\/image\/\",\"url\":\"https:\/\/www.improof.lu\/app\/uploads\/2022\/10\/improof-logo-svg.png\",\"contentUrl\":\"https:\/\/www.improof.lu\/app\/uploads\/2022\/10\/improof-logo-svg.png\",\"width\":652,\"height\":209,\"caption\":\"Improof\"},\"image\":{\"@id\":\"https:\/\/www.improof.lu\/de\/#\/schema\/logo\/image\/\"}},{\"@type\":\"Person\",\"@id\":\"https:\/\/www.improof.lu\/de\/#\/schema\/person\/8b7e0720f9ab34bd8b12af9dbf2592a6\",\"name\":\"Nermin Plavsic\",\"image\":{\"@type\":\"ImageObject\",\"inLanguage\":\"de-DE\",\"@id\":\"https:\/\/www.improof.lu\/de\/#\/schema\/person\/image\/\",\"url\":\"https:\/\/secure.gravatar.com\/avatar\/1b010c13286dbffe130fb77dd68cc999?s=96&d=mm&r=g\",\"contentUrl\":\"https:\/\/secure.gravatar.com\/avatar\/1b010c13286dbffe130fb77dd68cc999?s=96&d=mm&r=g\",\"caption\":\"Nermin Plavsic\"},\"url\":\"https:\/\/www.improof.lu\/de\/articles\/author\/nermin-plavsic\/\"}]}<\/script>\n<!-- \/ Yoast SEO plugin. -->","yoast_head_json":{"title":"Du clic \u00e0 la crise : le co\u00fbt cach\u00e9 du confort num\u00e9rique - Improof","robots":{"index":"index","follow":"follow","max-snippet":"max-snippet:-1","max-image-preview":"max-image-preview:large","max-video-preview":"max-video-preview:-1"},"canonical":"https:\/\/www.improof.lu\/de\/articles\/du-clic-a-la-crise\/","og_locale":"de_DE","og_type":"article","og_title":"Du clic \u00e0 la crise : le co\u00fbt cach\u00e9 du confort num\u00e9rique","og_description":"Le d\u00e9veloppement rapide des plateformes de livraison a transform\u00e9 notre fa\u00e7on de consommer, offrant une commodit\u00e9 in\u00e9gal\u00e9e tout en soulevant des questions \u00e9thiques et \u00e9conomiques. Si ces services facilitent l\u2019acc\u00e8s \u00e0 une grande vari\u00e9t\u00e9 de produits, ils fragilisent les commerces locaux en captant une part croissante de leur chiffre d\u2019affaires tout en externalisant les co\u00fbts sociaux et fiscaux.","og_url":"https:\/\/www.improof.lu\/de\/articles\/du-clic-a-la-crise\/","og_site_name":"Improof","article_published_time":"2025-04-24T10:02:35+00:00","og_image":[{"url":"https:\/\/www.improof.lu\/app\/uploads\/2025\/04\/livreur-1024x574.png"}],"author":"Nermin Plavsic","twitter_card":"summary_large_image","twitter_title":"Du clic \u00e0 la crise : le co\u00fbt cach\u00e9 du confort num\u00e9rique","twitter_description":"Le d\u00e9veloppement rapide des plateformes de livraison a transform\u00e9 notre fa\u00e7on de consommer, offrant une commodit\u00e9 in\u00e9gal\u00e9e tout en soulevant des questions \u00e9thiques et \u00e9conomiques. Si ces services facilitent l\u2019acc\u00e8s \u00e0 une grande vari\u00e9t\u00e9 de produits, ils fragilisent les commerces locaux en captant une part croissante de leur chiffre d\u2019affaires tout en externalisant les co\u00fbts sociaux et fiscaux.","twitter_image":"https:\/\/www.improof.lu\/app\/uploads\/2025\/04\/livreur-1024x574.png","twitter_misc":{"Written by":"Nermin Plavsic","Est. reading time":"14 minutes"},"schema":{"@context":"https:\/\/schema.org","@graph":[{"@type":"Article","@id":"https:\/\/www.improof.lu\/de\/articles\/du-clic-a-la-crise\/#article","isPartOf":{"@id":"https:\/\/www.improof.lu\/de\/articles\/du-clic-a-la-crise\/"},"author":{"name":"Nermin Plavsic","@id":"https:\/\/www.improof.lu\/de\/#\/schema\/person\/8b7e0720f9ab34bd8b12af9dbf2592a6"},"headline":"Du clic \u00e0 la crise : le co\u00fbt cach\u00e9 du confort num\u00e9rique","datePublished":"2025-04-24T10:02:35+00:00","dateModified":"2025-04-24T10:02:35+00:00","mainEntityOfPage":{"@id":"https:\/\/www.improof.lu\/de\/articles\/du-clic-a-la-crise\/"},"wordCount":2867,"commentCount":0,"publisher":{"@id":"https:\/\/www.improof.lu\/de\/#organization"},"articleSection":["Unkategorisiert"],"inLanguage":"de-DE","potentialAction":[{"@type":"CommentAction","name":"Comment","target":["https:\/\/www.improof.lu\/de\/articles\/du-clic-a-la-crise\/#respond"]}]},{"@type":"WebPage","@id":"https:\/\/www.improof.lu\/de\/articles\/du-clic-a-la-crise\/","url":"https:\/\/www.improof.lu\/de\/articles\/du-clic-a-la-crise\/","name":"Du clic \u00e0 la crise : le co\u00fbt cach\u00e9 du confort num\u00e9rique - Improof","isPartOf":{"@id":"https:\/\/www.improof.lu\/de\/#website"},"datePublished":"2025-04-24T10:02:35+00:00","dateModified":"2025-04-24T10:02:35+00:00","breadcrumb":{"@id":"https:\/\/www.improof.lu\/de\/articles\/du-clic-a-la-crise\/#breadcrumb"},"inLanguage":"de-DE","potentialAction":[{"@type":"ReadAction","target":["https:\/\/www.improof.lu\/de\/articles\/du-clic-a-la-crise\/"]}]},{"@type":"BreadcrumbList","@id":"https:\/\/www.improof.lu\/de\/articles\/du-clic-a-la-crise\/#breadcrumb","itemListElement":[{"@type":"ListItem","position":1,"name":"Home","item":"https:\/\/www.improof.lu\/de\/"},{"@type":"ListItem","position":2,"name":"Du clic \u00e0 la crise : le co\u00fbt cach\u00e9 du confort num\u00e9rique"}]},{"@type":"WebSite","@id":"https:\/\/www.improof.lu\/de\/#website","url":"https:\/\/www.improof.lu\/de\/","name":"Improof","description":"Tagline goes here","publisher":{"@id":"https:\/\/www.improof.lu\/de\/#organization"},"potentialAction":[{"@type":"SearchAction","target":{"@type":"EntryPoint","urlTemplate":"https:\/\/www.improof.lu\/de\/?s={search_term_string}"},"query-input":{"@type":"PropertyValueSpecification","valueRequired":true,"valueName":"search_term_string"}}],"inLanguage":"de-DE"},{"@type":"Organization","@id":"https:\/\/www.improof.lu\/de\/#organization","name":"Improof","url":"https:\/\/www.improof.lu\/de\/","logo":{"@type":"ImageObject","inLanguage":"de-DE","@id":"https:\/\/www.improof.lu\/de\/#\/schema\/logo\/image\/","url":"https:\/\/www.improof.lu\/app\/uploads\/2022\/10\/improof-logo-svg.png","contentUrl":"https:\/\/www.improof.lu\/app\/uploads\/2022\/10\/improof-logo-svg.png","width":652,"height":209,"caption":"Improof"},"image":{"@id":"https:\/\/www.improof.lu\/de\/#\/schema\/logo\/image\/"}},{"@type":"Person","@id":"https:\/\/www.improof.lu\/de\/#\/schema\/person\/8b7e0720f9ab34bd8b12af9dbf2592a6","name":"Nermin Plavsic","image":{"@type":"ImageObject","inLanguage":"de-DE","@id":"https:\/\/www.improof.lu\/de\/#\/schema\/person\/image\/","url":"https:\/\/secure.gravatar.com\/avatar\/1b010c13286dbffe130fb77dd68cc999?s=96&d=mm&r=g","contentUrl":"https:\/\/secure.gravatar.com\/avatar\/1b010c13286dbffe130fb77dd68cc999?s=96&d=mm&r=g","caption":"Nermin Plavsic"},"url":"https:\/\/www.improof.lu\/de\/articles\/author\/nermin-plavsic\/"}]}},"_links":{"self":[{"href":"https:\/\/www.improof.lu\/de\/wp-json\/wp\/v2\/posts\/2611","targetHints":{"allow":["GET"]}}],"collection":[{"href":"https:\/\/www.improof.lu\/de\/wp-json\/wp\/v2\/posts"}],"about":[{"href":"https:\/\/www.improof.lu\/de\/wp-json\/wp\/v2\/types\/post"}],"author":[{"embeddable":true,"href":"https:\/\/www.improof.lu\/de\/wp-json\/wp\/v2\/users\/11"}],"replies":[{"embeddable":true,"href":"https:\/\/www.improof.lu\/de\/wp-json\/wp\/v2\/comments?post=2611"}],"version-history":[{"count":1,"href":"https:\/\/www.improof.lu\/de\/wp-json\/wp\/v2\/posts\/2611\/revisions"}],"predecessor-version":[{"id":2613,"href":"https:\/\/www.improof.lu\/de\/wp-json\/wp\/v2\/posts\/2611\/revisions\/2613"}],"wp:attachment":[{"href":"https:\/\/www.improof.lu\/de\/wp-json\/wp\/v2\/media?parent=2611"}],"wp:term":[{"taxonomy":"category","embeddable":true,"href":"https:\/\/www.improof.lu\/de\/wp-json\/wp\/v2\/categories?post=2611"},{"taxonomy":"post_tag","embeddable":true,"href":"https:\/\/www.improof.lu\/de\/wp-json\/wp\/v2\/tags?post=2611"}],"curies":[{"name":"wp","href":"https:\/\/api.w.org\/{rel}","templated":true}]}}