{"id":1076,"date":"2023-03-28T07:40:57","date_gmt":"2023-03-28T07:40:57","guid":{"rendered":"https:\/\/www.improof.lu\/?p=1076"},"modified":"2024-01-31T15:21:23","modified_gmt":"2024-01-31T15:21:23","slug":"la-pauvrete-au-travail-au-luxembourg","status":"publish","type":"post","link":"https:\/\/www.improof.lu\/en\/articles\/la-pauvrete-au-travail-au-luxembourg\/","title":{"rendered":"La pauvret\u00e9 au travail au Luxembourg et ses causes[1]"},"content":{"rendered":"<h2>Introduction<\/h2>\n<p>Depuis des ann\u00e9es, la pauvret\u00e9 au travail (in-work poverty &#8211; iwp)[2] est un d\u00e9fi majeur pour le Luxembourg. En ce qui concerne les 10 derni\u00e8res ann\u00e9es, le taux iwp est pass\u00e9 de 10,3% en 2012 \u00e0 13,5% en 2021[3], contre 8,9% pour la moyenne de l&#8217;UE au cours des deux ann\u00e9es. Alors que le taux moyen de l&#8217;UE est rest\u00e9 inchang\u00e9, celui du Luxembourg n&#8217;a pas seulement augment\u00e9. En 2012, cinq autres pays avaient des taux d&#8217;iwp plus \u00e9lev\u00e9s que le Luxembourg, en 2021 il ne reste plus qu&#8217;un pays avec un taux plus \u00e9lev\u00e9 que le Luxembourg, \u00e0 savoir la Roumanie. Et tandis que le taux luxembourgeois a augment\u00e9, celui de la Roumanie est pass\u00e9 de 18,9% en 2012 \u00e0 15,2% en 2021.<\/p>\n<p>La hausse du taux iwp pour le Luxembourg entre 2012 et 2021 avec 3,2 p.p. (points de pourcentage) \u00e9tait la plus \u00e9lev\u00e9e de l&#8217;UE, devant la Bulgarie et Malte (respectivement 2,6 et 2,2 points de pourcentage). Concernant l&#8217;intensit\u00e9 de cette hausse du taux iwp entre 2012 et 2021, elle \u00e9tait de 31,1% pour le Luxembourg, qui se classe au quatri\u00e8me rang de l&#8217;UE, apr\u00e8s Malte, la Bulgarie et la Hongrie (respectivement 42,3%, 35,1% et 31,6%).<\/p>\n<p>Les familles monoparentales, les non-ressortissants luxembourgeois, les travailleurs peu qualifi\u00e9s travaillant dans des secteurs \u00e0 bas salaires, les travailleurs avec un contrat temporaire ou \u00e0 temps partiel (ou les deux), ont tous un risque plus \u00e9lev\u00e9 de conna\u00eetre la pauvret\u00e9 au travail.[4] C&#8217;est \u00e9galement vrai pour les jeunes travailleurs.<\/p>\n<h2>Causes possibles du taux \u00e9lev\u00e9 de risque de pauvret\u00e9 au travail<\/h2>\n<p>Comme le soulignent diverses \u00e9tudes[5], la pauvret\u00e9 au travail est un ph\u00e9nom\u00e8ne complexe et multidimensionnel impliquant un certain nombre de facteurs individuels, familiaux et institutionnels. L&#8217;iwp a des causes multiples et entrelac\u00e9es, les mouvements d&#8217;entr\u00e9e et de sortie de l&#8217;iwp \u00e9tant g\u00e9n\u00e9r\u00e9s par des changements \u00e0 la fois dans le statut d&#8217;emploi des individus et dans la situation de pauvret\u00e9 des m\u00e9nages. Il est donc tr\u00e8s difficile d&#8217;\u00e9valuer ses moteurs. S&#8217;int\u00e9ressant sp\u00e9cifiquement \u00e0 la pauvret\u00e9 au travail au Luxembourg, Garc\u00eda-Mu\u00f1oz souligne qu&#8217;il est \u00ab aussi fascinant que difficile. \u2026 le chercheur est confront\u00e9 \u00e0 l&#8217;un des taux de pauvret\u00e9 au travail les plus \u00e9lev\u00e9s de l&#8217;UE et a des difficult\u00e9s \u00e0 identifier les raisons derri\u00e8re\u2026 \u00bb.[6]<\/p>\n<p>Compte tenu de la complexit\u00e9 du sujet, nous analysons d&#8217;abord les causes du taux iwp \u00e9lev\u00e9 au Luxembourg en g\u00e9n\u00e9ral, puis plus sp\u00e9cialement les raisons pour lesquelles il a augment\u00e9 au cours des 10 derni\u00e8res ann\u00e9es.<\/p>\n<h3>a) Causes structurelles possibles<\/h3>\n<p>Un rapport du projet \u00ab Working Yet Poor \u00bb financ\u00e9 par le programme HORIZON de l&#8217;UE analyse l&#8217;impact des r\u00e9glementations du droit du travail sur l&#8217;iwp pour quatre groupes diff\u00e9rents de \u00ab personnes vuln\u00e9rables et sous-repr\u00e9sent\u00e9es \u00bb (VUP). Il s&#8217;agit des salari\u00e9s peu ou pas qualifi\u00e9s avec un contrat de travail standard employ\u00e9s dans les secteurs pauvres (VUP groupe 1), des ind\u00e9pendants isol\u00e9s et d\u00e9pendants et des faux ind\u00e9pendants (VUP groupe 2), des travailleurs en emploi flexible (VUP groupe 3), et travailleurs occasionnels et de plateforme (VUP Groupe 4)[7]. Pour le Luxembourg, il a \u00e9t\u00e9 constat\u00e9 que la pertinence des groupes 2 \u00e0 4 est limit\u00e9e et le nombre de travailleurs dans chacun d&#8217;eux est faible. M\u00eame si le rapport met en \u00e9vidence certains probl\u00e8mes li\u00e9s aux secteurs \u00e0 bas salaires, au travail temporaire et au travail \u00e0 temps partiel, il conclut que globalement l&#8217;impact de la r\u00e9glementation du travail sur le taux iwp est faible, et que des facteurs externes \u00e0 la r\u00e9glementation du travail semblent jouer un r\u00f4le important au Luxembourg.[8]<\/p>\n<p>Cela implique que le taux iwp \u00e9lev\u00e9 au Luxembourg d\u00e9pend essentiellement d&#8217;un taux \u00e9lev\u00e9 parmi les personnes employ\u00e9es \u00e0 des conditions \u00ab normales \u00bb, c&#8217;est-\u00e0-dire celles qui ont un contrat \u00e0 dur\u00e9e ind\u00e9termin\u00e9e (CDI) et un emploi \u00e0 temps plein. En effet, le taux iwp pour les CDI \u00e9tait de 12,0% en 2021, et celui des employ\u00e9s \u00e0 temps plein \u00e9tait de 11,8%. Les deux ne sont pas si \u00e9loign\u00e9s du taux iwp g\u00e9n\u00e9ral avec 13,5%. De plus, le taux iwp pour les contrats \u00e0 dur\u00e9e ind\u00e9termin\u00e9e \u00e9tait de loin le plus \u00e9lev\u00e9 de l&#8217;UE en 2021 (12,0% contre 8,7% pour la Bulgarie en deuxi\u00e8me position, et contre 5,3% pour l&#8217;UE-27). Le Luxembourg affiche \u00e9galement le plus petit \u00e9cart entre le taux iwp global et celui des CDI. De m\u00eame, le taux iwp pour l&#8217;emploi \u00e0 temps plein \u00e9tait le deuxi\u00e8me plus \u00e9lev\u00e9 de l&#8217;UE en 2021 (11,8% contre 12,5% pour la Roumanie en premi\u00e8re position, et contre 7,4% pour l&#8217;UE-27).<\/p>\n<p>Un facteur contributif au taux iwp \u00e9lev\u00e9 au Luxembourg pourrait \u00eatre le nombre de travailleurs r\u00e9mun\u00e9r\u00e9s au salaire minimum (salaire social minimum &#8211; SSM)[9]. En 2012, on comptait environ 52.000 salari\u00e9s percevant un salaire proche du SSM[10] (repr\u00e9sentant 15,7% de l&#8217;emploi total, hors fonctionnaires), et en 2021 ils \u00e9taient 63.950 (15,3% de l&#8217;emploi total, hors fonctionnaires)[11]. Cependant, le niveau du salaire minimum n&#8217;est pas suffisamment \u00e9lev\u00e9 pour prot\u00e9ger les travailleurs qui le per\u00e7oivent contre le risque de pauvret\u00e9, en particulier dans le cas des travailleurs isol\u00e9s avec enfants ou d&#8217;autres membres du m\u00e9nage \u00e0 charge. Ces familles ont droit \u00e0 un compl\u00e9ment dans le cadre du revenu minimum (revenu minimum garanti [RMG] ; depuis 2019 revenu d&#8217;inclusion sociale [Revis]), mais pour un certain nombre de travailleurs, le montant du revenu minimum per\u00e7u est \u00e9galement inf\u00e9rieur au seuil de risque de pauvret\u00e9[12]. Par ailleurs, il faut attirer l&#8217;attention sur l&#8217;important taux de non-recours au revenu minimum, qui peut \u00e9galement augmenter le taux iwp des personnes en activit\u00e9 susceptibles d&#8217;\u00eatre \u00e9ligibles au revenu minimum. Le taux de non-recours semble \u00eatre tr\u00e8s \u00e9lev\u00e9 au Luxembourg, m\u00eame s&#8217;il n&#8217;y a malheureusement pas de chiffres r\u00e9cents sur le non-recours des personnes au Revis, notamment sur le non-recours des travailleurs qui auraient droit \u00e0 un compl\u00e9ment.[13]<\/p>\n<p>N\u00e9anmoins, ce n&#8217;est pas une image exclusive au Luxembourg. Dans tous les pays de l&#8217;UE, le revenu minimum est inf\u00e9rieur au seuil de risque de pauvret\u00e9[14]. Par cons\u00e9quent, la part des bas salaires percevant un compl\u00e9ment de revenu minimum ne peut pas \u00eatre la meilleure explication pour que le Luxembourg ait un taux iwp plus \u00e9lev\u00e9 que la plupart des autres pays de l&#8217;UE.<\/p>\n<p>Le taux iwp des m\u00e9nages avec enfants est significativement plus \u00e9lev\u00e9 que celui des m\u00e9nages sans enfants dans la plupart des pays. Au Luxembourg, le taux AROP (at risk of poverty) pour les travailleurs vivant dans un m\u00e9nage avec enfants est de 16,5% contre 10,2% pour ceux vivant dans un m\u00e9nage sans enfant, alors que pour l&#8217;ensemble de l&#8217;UE, ces chiffres sont respectivement de 10,2% contre 7,8%[15]. L&#8217;impact de la composition du m\u00e9nage, et surtout de la pr\u00e9sence d&#8217;enfants, sur le niveau d&#8217;iwp est consid\u00e9rablement plus \u00e9lev\u00e9 au Luxembourg que dans les autres pays de l&#8217;UE. Si l&#8217;on regarde la population en g\u00e9n\u00e9ral, on constate que le nombre d&#8217;enfants par m\u00e9nage n&#8217;est pas plus \u00e9lev\u00e9 au Luxembourg que dans les autres pays de l&#8217;UE[16]. Mais si l&#8217;on consid\u00e8re la composition de la main-d&#8217;\u0153uvre des secteurs \u00e0 bas salaires en termes de pays d&#8217;origine des travailleurs et de leur nombre d&#8217;enfants, on remarque une sp\u00e9cificit\u00e9 du pays : au Luxembourg, environ 50% des salari\u00e9s au SSM sont employ\u00e9s dans trois secteurs, le commerce de d\u00e9tail, les activit\u00e9s d&#8217;h\u00e9bergement et de restauration et la construction[17]. La plupart des travailleurs de ces secteurs sont de nationalit\u00e9 \u00e9trang\u00e8re (environ 80% pour le commerce de d\u00e9tail, et environ 90% pour les deux autres secteurs). Les travailleurs portugais repr\u00e9sentent \u00e0 eux seuls plus de 50% des travailleurs du secteur de la construction[18]. Cela peut expliquer en partie les niveaux plus \u00e9lev\u00e9s d&#8217;iwp parmi les travailleurs \u00e9trangers, et en particulier les Portugais. Cela tient au fait que les m\u00e9nages r\u00e9sidents \u00e9trangers ont en g\u00e9n\u00e9ral plus d&#8217;enfants que les m\u00e9nages luxembourgeois[19]. Avec la part extr\u00eamement \u00e9lev\u00e9e d&#8217;\u00e9trangers dans la main-d&#8217;\u0153uvre luxembourgeoise[20], cela pourrait \u00eatre une explication possible du taux iwp \u00e9lev\u00e9 au Luxembourg.<\/p>\n<p>Un autre groupe de travailleurs avec enfants est particuli\u00e8rement expos\u00e9 au risque d&#8217;iwp : 27% des monoparentaux au travail sont pauvres en revenus au Luxembourg, contre 19% au niveau de l&#8217;UE. Cela ne s&#8217;explique pas par une occurrence significativement plus \u00e9lev\u00e9e de travail \u00e0 temps partiel chez les parents isol\u00e9s par rapport aux autres travailleurs avec enfants[21]. Cela peut plut\u00f4t indiquer que le niveau des salaires n&#8217;est pas suffisant pour \u00e9chapper \u00e0 la pauvret\u00e9 pour de nombreux salari\u00e9s isol\u00e9s avec enfants et\/ou que l&#8217;imposition des revenus est trop \u00e9lev\u00e9e pour les parents isol\u00e9s par rapport aux couples &#8211; ce qui est r\u00e9guli\u00e8rement d\u00e9nonc\u00e9 par les syndicats[22] et les repr\u00e9sentants des parents isol\u00e9s[23].<\/p>\n<p>Un autre groupe avec un taux iwp significativement plus \u00e9lev\u00e9 est celui des jeunes travailleurs. Leur taux iwp est pass\u00e9 de 10,2% en 2012 \u00e0 20,8% en 2021, contre 11,7% pour la moyenne de l&#8217;UE en 2012 et 12,8% en 2021. En 2012, 12 pays avaient des taux iwp des jeunes plus \u00e9lev\u00e9s que le Luxembourg ; en 2021, seule la Roumanie a un taux plus \u00e9lev\u00e9 que le Luxembourg. La hausse du taux iwp des jeunes pour le Luxembourg entre 2012 et 2021 (10,6 p.p.) a \u00e9t\u00e9 la plus \u00e9lev\u00e9e de l&#8217;UE, devant la Roumanie et l&#8217;Estonie (respectivement 9,4 et 7,7 p.p.). L&#8217;intensit\u00e9 de cette hausse du taux iwp des jeunes entre 2012 et 2021 \u00e9tait de 103,9% pour le Luxembourg, se classant deuxi\u00e8me dans l&#8217;UE, derri\u00e8re les Pays-Bas (215,6%) et devant la Lituanie (89,7%). Par ailleurs, les jeunes Luxembourgeois (entre 15 et 24 ans) ont un taux de ch\u00f4mage de 18,8% en 2012 et 16,9% en 2021 (voire 23,2% en 2020 !), contre respectivement 4,5 et 4,3% pour la population \u00e2g\u00e9e de 25 \u00e0 64 ans[24]. Cela semble sugg\u00e9rer un dilemme entre accepter un contrat de travail pr\u00e9caire ou se retrouver au ch\u00f4mage. Ces deux faits peuvent expliquer le taux iwp \u00e9lev\u00e9 chez les jeunes, r\u00e9sultant des barri\u00e8res du march\u00e9 du travail[25]. En effet, les contrats \u00e0 temps partiel ont nettement augment\u00e9 chez les jeunes actifs entre 2012 et 2021 (de 22,6% \u00e0 30,9%) ; les parts des contrats \u00e0 temps partiel et des contrats temporaires sont plus \u00e9lev\u00e9s chez les jeunes que chez les plus \u00e2g\u00e9s (30,9% \u00e0 16,1% et 35,6% \u00e0 6,5% respectivement). Avec ces r\u00e9sultats, le Luxembourg fait moins bien que plus de la moiti\u00e9 des pays de l&#8217;UE.[26]<\/p>\n<p>Nous supposons que la somme, voire l&#8217;interaction de ces diff\u00e9rentes causes, et d&#8217;autres qui pourraient \u00eatre trouv\u00e9es gr\u00e2ce \u00e0 des recherches plus approfondies, peuvent expliquer le taux iwp \u00e9lev\u00e9 au Luxembourg.<\/p>\n<p>Terminons cette sous-section par un constat int\u00e9ressant : le risque que des travailleurs non pauvres deviennent pauvres est de loin le plus \u00e9lev\u00e9 au Luxembourg par rapport aux autres pays de l&#8217;UE[27]. En effet, sur la base des donn\u00e9es longitudinales EU-SILC, environ 8% des travailleurs non pauvres tombent dans la pauvret\u00e9 l&#8217;ann\u00e9e suivante, c&#8217;est-\u00e0-dire deviennent des \u00ab travailleurs pauvres \u00bb. C&#8217;est plus de deux fois plus \u00e9lev\u00e9 que dans les autres pays de l&#8217;UE en moyenne (3,1%). Une fois que les auteurs contr\u00f4lent les caract\u00e9ristiques des travailleurs[28], la composition du m\u00e9nage et l&#8217;\u00e9volution de ces variables, le risque relatif accru de tomber dans la pauvret\u00e9 pour les travailleurs reste significativement plus \u00e9lev\u00e9 au Luxembourg que dans les autres pays. Les auteurs concluent que ces diff\u00e9rences proviennent de caract\u00e9ristiques nationales non prises en compte dans le mod\u00e8le. Cependant, les causes possibles d&#8217;un taux iwp \u00e9lev\u00e9 au Luxembourg mentionn\u00e9es ci-dessus ne donnent aucune indication concernant un tel risque plus \u00e9lev\u00e9 de transition de travailleurs non pauvres vers des travailleurs pauvres : nous ne pouvons qu&#8217;\u00eatre d&#8217;accord avec Garc\u00eda-Mu\u00f1oz[29] pour conclure que des recherches suppl\u00e9mentaires sont n\u00e9cessaires.<\/p>\n<h3>b) L&#8217;augmentation au cours des 10 derni\u00e8res ann\u00e9es<\/h3>\n<p>Le taux AROP global luxembourgeois (donc pas le taux iwp) est pass\u00e9 entre 2012 et 2021 de 15,1% \u00e0 18,1%, pla\u00e7ant le Luxembourg au 16e rang en 2012, pour remonter au 11e rang en 2021. Ainsi, alors qu&#8217;en 2012, 12 pays de l&#8217;UE faisaient mieux que le Luxembourg, en 2021, ils \u00e9taient 16 pays de l&#8217;UE avec un taux AROP inf\u00e9rieur \u00e0 celui du Luxembourg[30]. Cette \u00e9volution du taux AROP g\u00e9n\u00e9ral a \u00e9galement tir\u00e9 vers le haut le taux iwp et inversement.<\/p>\n<p>Les bas salaires augmentent g\u00e9n\u00e9ralement beaucoup moins vite que les hauts salaires[31] : le seuil de risque de pauvret\u00e9 a augment\u00e9 entre 2012 et 2021 de pr\u00e8s de 30%[32] et le SSM de seulement 22%[33]. Comme nous avons vu que les salari\u00e9s du SSM ont souvent droit \u00e0 un compl\u00e9ment de revenu minimum, force est de constater que le revenu minimum a \u00e9galement augment\u00e9 plus lentement, voire plus lentement que le SSM, \u00e0 savoir d&#8217;environ 20%.[34]<\/p>\n<p>L&#8217;augmentation de l&#8217;iwp est \u00e9galement due au fait qu&#8217;entre 2012 et 2021 la r\u00e9duction de l&#8217;AROP par les transferts sociaux (hors retraites) est pass\u00e9e de 47,9% en 2012 \u00e0 34,2% en 2021, respectivement de 13,9 p.p. \u00e0 9,4 p.p., alors que dans l&#8217;ensemble de l&#8217;UE, il y a m\u00eame eu une augmentation de 8,9 p.p. \u00e0 9,9 p.p. dans cet impact des transferts sociaux[35]. Ainsi, contrairement \u00e0 l&#8217;UE, les transferts sociaux, y compris RMG\/Revis mais aussi d&#8217;autres transferts ont \u00e9t\u00e9 moins efficaces pour r\u00e9duire la pauvret\u00e9 au Luxembourg, et ils ont \u00e9t\u00e9 encore moins efficaces en 2021 qu&#8217;en 2012. Une r\u00e9partition par statut d&#8217;activit\u00e9 de la r\u00e9duction de la pauvret\u00e9 via les transferts sociaux n&#8217;est malheureusement pas disponible sur le site web d&#8217;Eurostat.<\/p>\n<p>L&#8217;augmentation de l&#8217;iwp des m\u00e9nages avec enfants peut \u00eatre li\u00e9e au fait qu&#8217;apr\u00e8s 2006, toutes les prestations familiales ont \u00e9t\u00e9 gel\u00e9es &#8211; y compris les allocations familiales, les allocations de naissance et d&#8217;adoption, les allocations de rentr\u00e9e scolaire, les allocations sp\u00e9ciales pour enfants handicap\u00e9s, le revenu de remplacement du cong\u00e9 parental, les allocations de maternit\u00e9, les allocations d\u2019\u00e9ducation et le cr\u00e9dit d&#8217;imp\u00f4t pour enfants appel\u00e9 boni pour enfants[36]. Comme le Luxembourg dispose d&#8217;un m\u00e9canisme d&#8217;indexation selon lequel les revenus tels que les salaires, les pensions et les autres transferts sociaux en dehors des prestations familiales sont r\u00e9guli\u00e8rement ajust\u00e9s \u00e0 l&#8217;inflation, la contribution relative des allocations familiales au budget global des m\u00e9nages a diminu\u00e9. L&#8217;indexation des prestations familiales n&#8217;a repris qu&#8217;au 1er janvier 2022. Les salaires, pensions et autres transferts sociaux continuant d&#8217;\u00eatre ajust\u00e9s en fonction de l&#8217;inflation, on peut conclure que la contribution des prestations familiales \u00e0 la r\u00e9duction de la pauvret\u00e9 (y compris la r\u00e9duction de l&#8217;iwp) pour les m\u00e9nages avec enfants a diminu\u00e9 en termes relatifs.<\/p>\n<p>Une derni\u00e8re explication possible de l&#8217;augmentation du taux iwp entre 2012 et 2021 pourrait provenir de la non-indexation du bar\u00e8me d\u2019imp\u00f4ts depuis 2009. Comme les salaires et certains transferts sociaux augmentent avec l&#8217;inflation (en raison du m\u00e9canisme d&#8217;indexation), les seuils d&#8217;imposition inchang\u00e9s associ\u00e9s \u00e0 la progressivit\u00e9 du bar\u00e8me se traduisent en une augmentation des imp\u00f4ts. Cela conduit \u00e0 une perte effective de revenu disponible, car des imp\u00f4ts plus \u00e9lev\u00e9s signifient que le salaire net n&#8217;augmente pas aussi rapidement que le salaire brut &#8211; index\u00e9 -, une \u00e9volution qui peut entra\u00eener un taux AROP plus \u00e9lev\u00e9 et \u00e9galement un taux iwp plus \u00e9lev\u00e9.[37]<\/p>\n<h2>Mesures possibles capables de relever ce d\u00e9fi<\/h2>\n<p>Selon les constats rapport\u00e9s ci-dessus, les mesures suivantes pourraient \u00eatre envisag\u00e9es :<\/p>\n<p>&#8211; les politiques qui contribuent \u00e0 une distribution primaire plus uniforme des salaires devraient \u00eatre explor\u00e9es, par ex. des politiques qui peuvent aider \u00e0 combler les lacunes du cadre r\u00e9glementaire du travail concernant, par exemple, la n\u00e9gociation collective, les travailleurs des plateformes, etc. et\/ou des politiques qui peuvent aider \u00e0 combler d&#8217;\u00e9ventuelles lacunes ;<\/p>\n<p>&#8211; le salaire minimum et le compl\u00e9ment du r\u00e9gime de revenu minimum (ainsi que d&#8217;autres transferts sociaux) devraient \u00eatre renforc\u00e9s pour aider \u00e0 sortir les travailleurs de la pauvret\u00e9 ;<\/p>\n<p>&#8211; les obstacles au march\u00e9 du travail pour les jeunes doivent \u00eatre analys\u00e9s et trait\u00e9s par des mesures appropri\u00e9es ; les raisons (y compris celles li\u00e9es au cadre juridique existant) des proportions \u00e9lev\u00e9es de contrats \u00e0 temps partiel et temporaires chez les jeunes devraient \u00e9galement \u00eatre analys\u00e9es et trait\u00e9es au besoin &#8211; \u00e9ventuellement par le biais d&#8217;une r\u00e9forme du cadre juridique de ces deux formes atypiques de contrats ;<\/p>\n<p>&#8211; le syst\u00e8me fiscal devrait \u00eatre r\u00e9vis\u00e9 de mani\u00e8re \u00e0 ce que les pauvres soient syst\u00e9matiquement exon\u00e9r\u00e9s de l&#8217;imp\u00f4t sur le revenu (et d&#8217;autres imp\u00f4ts dans la mesure du possible) ; le SSM ne devrait pas \u00eatre tax\u00e9 ; le bar\u00e8me d\u2019imp\u00f4ts devrait \u00e9galement \u00eatre r\u00e9guli\u00e8rement ajust\u00e9 \u00e0 l&#8217;indexation des salaires ; la fiscalit\u00e9 des monoparentaux doit \u00eatre r\u00e9form\u00e9e ;<\/p>\n<p>&#8211; les niveaux de formation devraient \u00eatre relev\u00e9s par une r\u00e9forme de la formation professionnelle, lui donnant plus de pertinence pratique, ainsi qu&#8217;en encourageant l&#8217;apprentissage tout au long de la vie ; et<\/p>\n<p>&#8211; des efforts continus doivent \u00eatre faits pour mieux r\u00e9concilier vie professionnelle et vie familiale, afin de lever les barri\u00e8res \u00e0 l&#8217;emploi et d&#8217;offrir \u00e0 chacun la possibilit\u00e9 de gagner sa vie par le travail, tout en assurant les responsabilit\u00e9s familiales.<\/p>\n","protected":false},"excerpt":{"rendered":"<p>\u00c0 maintes reprises, le taux de pauvret\u00e9 au travail qui est particuli\u00e8rement \u00e9lev\u00e9 au Luxembourg, a \u00e9t\u00e9 th\u00e9matis\u00e9 que ce soit dans le Panorama social de la CSL (et encore derni\u00e8rement par son directeur Sylvain Hoffmann dans le num\u00e9ro 430 de mars 2023 de la revue \u00ab forum \u00bb) ou d\u2019autres publications. Il manque cependant une analyse approfondie du \u00ab pourquoi \u00bb de ce taux de pauvret\u00e9 \u00e9lev\u00e9. La pr\u00e9sente note en veut montrer quelques pistes, le travail principal restant cependant \u00e0 faire.<\/p>\n","protected":false},"author":15,"featured_media":0,"comment_status":"open","ping_status":"open","sticky":false,"template":"","format":"standard","meta":{"_acf_changed":false,"footnotes":""},"categories":[1],"tags":[],"class_list":["post-1076","post","type-post","status-publish","format-standard","hentry","category-uncategorized","topic-inequalities","topic-work","format-text"],"acf":[],"yoast_head":"<!-- This site is optimized with the Yoast SEO plugin v23.9 - https:\/\/yoast.com\/wordpress\/plugins\/seo\/ -->\n<title>La pauvret\u00e9 au travail au Luxembourg et ses causes - Improof<\/title>\n<meta name=\"robots\" content=\"index, follow, max-snippet:-1, max-image-preview:large, max-video-preview:-1\" \/>\n<link rel=\"canonical\" href=\"https:\/\/www.improof.lu\/en\/articles\/la-pauvrete-au-travail-au-luxembourg\/\" \/>\n<meta property=\"og:locale\" content=\"en_US\" \/>\n<meta property=\"og:type\" content=\"article\" \/>\n<meta property=\"og:title\" content=\"La pauvret\u00e9 au travail au Luxembourg et ses causes\" \/>\n<meta property=\"og:description\" content=\"\u00c0 maintes reprises, le taux de pauvret\u00e9 au travail qui est particuli\u00e8rement \u00e9lev\u00e9 au Luxembourg, a \u00e9t\u00e9 th\u00e9matis\u00e9 que ce soit dans le Panorama social de la CSL (et encore derni\u00e8rement par son directeur Sylvain Hoffmann dans le num\u00e9ro 430 de mars 2023 de la revue \u00ab forum \u00bb) ou d\u2019autres publications. Il manque cependant une analyse approfondie du \u00ab pourquoi \u00bb de ce taux de pauvret\u00e9 \u00e9lev\u00e9. La pr\u00e9sente note en veut montrer quelques pistes, le travail principal restant cependant \u00e0 faire.\" \/>\n<meta property=\"og:url\" content=\"https:\/\/www.improof.lu\/fr\/articles\/la-pauvrete-au-travail-au-luxembourg\/\" \/>\n<meta property=\"og:site_name\" content=\"Improof\" \/>\n<meta property=\"article:published_time\" content=\"2023-03-28T07:40:57+00:00\" \/>\n<meta property=\"article:modified_time\" content=\"2024-01-31T15:21:23+00:00\" \/>\n<meta property=\"og:image\" content=\"https:\/\/www.improof.lu\/app\/uploads\/2023\/03\/La-pauvrete-au-travail-au-Luxembourg-et-ses-causes.jpg\" \/>\n\t<meta property=\"og:image:width\" content=\"1920\" \/>\n\t<meta property=\"og:image:height\" content=\"1200\" \/>\n\t<meta property=\"og:image:type\" content=\"image\/jpeg\" \/>\n<meta name=\"author\" content=\"Robert Urb\u00e9\" \/>\n<meta name=\"twitter:card\" content=\"summary_large_image\" \/>\n<meta name=\"twitter:title\" content=\"La pauvret\u00e9 au travail au Luxembourg et ses causes\" \/>\n<meta name=\"twitter:description\" content=\"\u00c0 maintes reprises, le taux de pauvret\u00e9 au travail qui est particuli\u00e8rement \u00e9lev\u00e9 au Luxembourg, a \u00e9t\u00e9 th\u00e9matis\u00e9 que ce soit dans le Panorama social de la CSL (et encore derni\u00e8rement par son directeur Sylvain Hoffmann dans le num\u00e9ro 430 de mars 2023 de la revue \u00ab forum \u00bb) ou d\u2019autres publications. Il manque cependant une analyse approfondie du \u00ab pourquoi \u00bb de ce taux de pauvret\u00e9 \u00e9lev\u00e9. La pr\u00e9sente note en veut montrer quelques pistes, le travail principal restant cependant \u00e0 faire.\" \/>\n<meta name=\"twitter:image\" content=\"https:\/\/www.improof.lu\/app\/uploads\/2023\/03\/La-pauvrete-au-travail-au-Luxembourg-et-ses-causes.jpg\" \/>\n<meta name=\"twitter:label1\" content=\"Written by\" \/>\n\t<meta name=\"twitter:data1\" content=\"Robert Urb\u00e9\" \/>\n\t<meta name=\"twitter:label2\" content=\"Est. reading time\" \/>\n\t<meta name=\"twitter:data2\" content=\"13 minutes\" \/>\n<script type=\"application\/ld+json\" class=\"yoast-schema-graph\">{\"@context\":\"https:\/\/schema.org\",\"@graph\":[{\"@type\":\"Article\",\"@id\":\"https:\/\/www.improof.lu\/fr\/articles\/la-pauvrete-au-travail-au-luxembourg\/#article\",\"isPartOf\":{\"@id\":\"https:\/\/www.improof.lu\/en\/articles\/la-pauvrete-au-travail-au-luxembourg\/\"},\"author\":{\"name\":\"Robert Urb\u00e9\",\"@id\":\"https:\/\/www.improof.lu\/en\/#\/schema\/person\/861a70d33c250fb47218602d621684c3\"},\"headline\":\"La pauvret\u00e9 au travail au Luxembourg et ses causes[1]\",\"datePublished\":\"2023-03-28T07:40:57+00:00\",\"dateModified\":\"2024-01-31T15:21:23+00:00\",\"mainEntityOfPage\":{\"@id\":\"https:\/\/www.improof.lu\/en\/articles\/la-pauvrete-au-travail-au-luxembourg\/\"},\"wordCount\":2962,\"commentCount\":0,\"publisher\":{\"@id\":\"https:\/\/www.improof.lu\/en\/#organization\"},\"inLanguage\":\"en-US\",\"potentialAction\":[{\"@type\":\"CommentAction\",\"name\":\"Comment\",\"target\":[\"https:\/\/www.improof.lu\/fr\/articles\/la-pauvrete-au-travail-au-luxembourg\/#respond\"]}]},{\"@type\":\"WebPage\",\"@id\":\"https:\/\/www.improof.lu\/en\/articles\/la-pauvrete-au-travail-au-luxembourg\/\",\"url\":\"https:\/\/www.improof.lu\/fr\/articles\/la-pauvrete-au-travail-au-luxembourg\/\",\"name\":\"La pauvret\u00e9 au travail au Luxembourg et ses causes - Improof\",\"isPartOf\":{\"@id\":\"https:\/\/www.improof.lu\/en\/#website\"},\"datePublished\":\"2023-03-28T07:40:57+00:00\",\"dateModified\":\"2024-01-31T15:21:23+00:00\",\"breadcrumb\":{\"@id\":\"https:\/\/www.improof.lu\/fr\/articles\/la-pauvrete-au-travail-au-luxembourg\/#breadcrumb\"},\"inLanguage\":\"en-US\",\"potentialAction\":[{\"@type\":\"ReadAction\",\"target\":[\"https:\/\/www.improof.lu\/fr\/articles\/la-pauvrete-au-travail-au-luxembourg\/\"]}]},{\"@type\":\"BreadcrumbList\",\"@id\":\"https:\/\/www.improof.lu\/fr\/articles\/la-pauvrete-au-travail-au-luxembourg\/#breadcrumb\",\"itemListElement\":[{\"@type\":\"ListItem\",\"position\":1,\"name\":\"Home\",\"item\":\"https:\/\/www.improof.lu\/en\/\"},{\"@type\":\"ListItem\",\"position\":2,\"name\":\"La pauvret\u00e9 au travail au Luxembourg et ses causes[1]\"}]},{\"@type\":\"WebSite\",\"@id\":\"https:\/\/www.improof.lu\/en\/#website\",\"url\":\"https:\/\/www.improof.lu\/en\/\",\"name\":\"Improof\",\"description\":\"Tagline goes here\",\"publisher\":{\"@id\":\"https:\/\/www.improof.lu\/en\/#organization\"},\"potentialAction\":[{\"@type\":\"SearchAction\",\"target\":{\"@type\":\"EntryPoint\",\"urlTemplate\":\"https:\/\/www.improof.lu\/en\/?s={search_term_string}\"},\"query-input\":{\"@type\":\"PropertyValueSpecification\",\"valueRequired\":true,\"valueName\":\"search_term_string\"}}],\"inLanguage\":\"en-US\"},{\"@type\":\"Organization\",\"@id\":\"https:\/\/www.improof.lu\/en\/#organization\",\"name\":\"Improof\",\"url\":\"https:\/\/www.improof.lu\/en\/\",\"logo\":{\"@type\":\"ImageObject\",\"inLanguage\":\"en-US\",\"@id\":\"https:\/\/www.improof.lu\/en\/#\/schema\/logo\/image\/\",\"url\":\"https:\/\/www.improof.lu\/app\/uploads\/2022\/10\/improof-logo-svg.png\",\"contentUrl\":\"https:\/\/www.improof.lu\/app\/uploads\/2022\/10\/improof-logo-svg.png\",\"width\":652,\"height\":209,\"caption\":\"Improof\"},\"image\":{\"@id\":\"https:\/\/www.improof.lu\/en\/#\/schema\/logo\/image\/\"}},{\"@type\":\"Person\",\"@id\":\"https:\/\/www.improof.lu\/en\/#\/schema\/person\/861a70d33c250fb47218602d621684c3\",\"name\":\"Robert Urb\u00e9\",\"image\":{\"@type\":\"ImageObject\",\"inLanguage\":\"en-US\",\"@id\":\"https:\/\/www.improof.lu\/en\/#\/schema\/person\/image\/\",\"url\":\"https:\/\/secure.gravatar.com\/avatar\/52e92493fdea71165e9b25c56358fdf7?s=96&d=mm&r=g\",\"contentUrl\":\"https:\/\/secure.gravatar.com\/avatar\/52e92493fdea71165e9b25c56358fdf7?s=96&d=mm&r=g\",\"caption\":\"Robert Urb\u00e9\"},\"url\":\"https:\/\/www.improof.lu\/en\/articles\/author\/robert-urbe\/\"}]}<\/script>\n<!-- \/ Yoast SEO plugin. -->","yoast_head_json":{"title":"La pauvret\u00e9 au travail au Luxembourg et ses causes - Improof","robots":{"index":"index","follow":"follow","max-snippet":"max-snippet:-1","max-image-preview":"max-image-preview:large","max-video-preview":"max-video-preview:-1"},"canonical":"https:\/\/www.improof.lu\/en\/articles\/la-pauvrete-au-travail-au-luxembourg\/","og_locale":"en_US","og_type":"article","og_title":"La pauvret\u00e9 au travail au Luxembourg et ses causes","og_description":"\u00c0 maintes reprises, le taux de pauvret\u00e9 au travail qui est particuli\u00e8rement \u00e9lev\u00e9 au Luxembourg, a \u00e9t\u00e9 th\u00e9matis\u00e9 que ce soit dans le Panorama social de la CSL (et encore derni\u00e8rement par son directeur Sylvain Hoffmann dans le num\u00e9ro 430 de mars 2023 de la revue \u00ab forum \u00bb) ou d\u2019autres publications. Il manque cependant une analyse approfondie du \u00ab pourquoi \u00bb de ce taux de pauvret\u00e9 \u00e9lev\u00e9. La pr\u00e9sente note en veut montrer quelques pistes, le travail principal restant cependant \u00e0 faire.","og_url":"https:\/\/www.improof.lu\/fr\/articles\/la-pauvrete-au-travail-au-luxembourg\/","og_site_name":"Improof","article_published_time":"2023-03-28T07:40:57+00:00","article_modified_time":"2024-01-31T15:21:23+00:00","og_image":[{"width":1920,"height":1200,"url":"https:\/\/www.improof.lu\/app\/uploads\/2023\/03\/La-pauvrete-au-travail-au-Luxembourg-et-ses-causes.jpg","type":"image\/jpeg"}],"author":"Robert Urb\u00e9","twitter_card":"summary_large_image","twitter_title":"La pauvret\u00e9 au travail au Luxembourg et ses causes","twitter_description":"\u00c0 maintes reprises, le taux de pauvret\u00e9 au travail qui est particuli\u00e8rement \u00e9lev\u00e9 au Luxembourg, a \u00e9t\u00e9 th\u00e9matis\u00e9 que ce soit dans le Panorama social de la CSL (et encore derni\u00e8rement par son directeur Sylvain Hoffmann dans le num\u00e9ro 430 de mars 2023 de la revue \u00ab forum \u00bb) ou d\u2019autres publications. Il manque cependant une analyse approfondie du \u00ab pourquoi \u00bb de ce taux de pauvret\u00e9 \u00e9lev\u00e9. La pr\u00e9sente note en veut montrer quelques pistes, le travail principal restant cependant \u00e0 faire.","twitter_image":"https:\/\/www.improof.lu\/app\/uploads\/2023\/03\/La-pauvrete-au-travail-au-Luxembourg-et-ses-causes.jpg","twitter_misc":{"Written by":"Robert Urb\u00e9","Est. reading time":"13 minutes"},"schema":{"@context":"https:\/\/schema.org","@graph":[{"@type":"Article","@id":"https:\/\/www.improof.lu\/fr\/articles\/la-pauvrete-au-travail-au-luxembourg\/#article","isPartOf":{"@id":"https:\/\/www.improof.lu\/en\/articles\/la-pauvrete-au-travail-au-luxembourg\/"},"author":{"name":"Robert Urb\u00e9","@id":"https:\/\/www.improof.lu\/en\/#\/schema\/person\/861a70d33c250fb47218602d621684c3"},"headline":"La pauvret\u00e9 au travail au Luxembourg et ses causes[1]","datePublished":"2023-03-28T07:40:57+00:00","dateModified":"2024-01-31T15:21:23+00:00","mainEntityOfPage":{"@id":"https:\/\/www.improof.lu\/en\/articles\/la-pauvrete-au-travail-au-luxembourg\/"},"wordCount":2962,"commentCount":0,"publisher":{"@id":"https:\/\/www.improof.lu\/en\/#organization"},"inLanguage":"en-US","potentialAction":[{"@type":"CommentAction","name":"Comment","target":["https:\/\/www.improof.lu\/fr\/articles\/la-pauvrete-au-travail-au-luxembourg\/#respond"]}]},{"@type":"WebPage","@id":"https:\/\/www.improof.lu\/en\/articles\/la-pauvrete-au-travail-au-luxembourg\/","url":"https:\/\/www.improof.lu\/fr\/articles\/la-pauvrete-au-travail-au-luxembourg\/","name":"La pauvret\u00e9 au travail au Luxembourg et ses causes - Improof","isPartOf":{"@id":"https:\/\/www.improof.lu\/en\/#website"},"datePublished":"2023-03-28T07:40:57+00:00","dateModified":"2024-01-31T15:21:23+00:00","breadcrumb":{"@id":"https:\/\/www.improof.lu\/fr\/articles\/la-pauvrete-au-travail-au-luxembourg\/#breadcrumb"},"inLanguage":"en-US","potentialAction":[{"@type":"ReadAction","target":["https:\/\/www.improof.lu\/fr\/articles\/la-pauvrete-au-travail-au-luxembourg\/"]}]},{"@type":"BreadcrumbList","@id":"https:\/\/www.improof.lu\/fr\/articles\/la-pauvrete-au-travail-au-luxembourg\/#breadcrumb","itemListElement":[{"@type":"ListItem","position":1,"name":"Home","item":"https:\/\/www.improof.lu\/en\/"},{"@type":"ListItem","position":2,"name":"La pauvret\u00e9 au travail au Luxembourg et ses causes[1]"}]},{"@type":"WebSite","@id":"https:\/\/www.improof.lu\/en\/#website","url":"https:\/\/www.improof.lu\/en\/","name":"Improof","description":"Tagline goes here","publisher":{"@id":"https:\/\/www.improof.lu\/en\/#organization"},"potentialAction":[{"@type":"SearchAction","target":{"@type":"EntryPoint","urlTemplate":"https:\/\/www.improof.lu\/en\/?s={search_term_string}"},"query-input":{"@type":"PropertyValueSpecification","valueRequired":true,"valueName":"search_term_string"}}],"inLanguage":"en-US"},{"@type":"Organization","@id":"https:\/\/www.improof.lu\/en\/#organization","name":"Improof","url":"https:\/\/www.improof.lu\/en\/","logo":{"@type":"ImageObject","inLanguage":"en-US","@id":"https:\/\/www.improof.lu\/en\/#\/schema\/logo\/image\/","url":"https:\/\/www.improof.lu\/app\/uploads\/2022\/10\/improof-logo-svg.png","contentUrl":"https:\/\/www.improof.lu\/app\/uploads\/2022\/10\/improof-logo-svg.png","width":652,"height":209,"caption":"Improof"},"image":{"@id":"https:\/\/www.improof.lu\/en\/#\/schema\/logo\/image\/"}},{"@type":"Person","@id":"https:\/\/www.improof.lu\/en\/#\/schema\/person\/861a70d33c250fb47218602d621684c3","name":"Robert Urb\u00e9","image":{"@type":"ImageObject","inLanguage":"en-US","@id":"https:\/\/www.improof.lu\/en\/#\/schema\/person\/image\/","url":"https:\/\/secure.gravatar.com\/avatar\/52e92493fdea71165e9b25c56358fdf7?s=96&d=mm&r=g","contentUrl":"https:\/\/secure.gravatar.com\/avatar\/52e92493fdea71165e9b25c56358fdf7?s=96&d=mm&r=g","caption":"Robert Urb\u00e9"},"url":"https:\/\/www.improof.lu\/en\/articles\/author\/robert-urbe\/"}]}},"_links":{"self":[{"href":"https:\/\/www.improof.lu\/en\/wp-json\/wp\/v2\/posts\/1076","targetHints":{"allow":["GET"]}}],"collection":[{"href":"https:\/\/www.improof.lu\/en\/wp-json\/wp\/v2\/posts"}],"about":[{"href":"https:\/\/www.improof.lu\/en\/wp-json\/wp\/v2\/types\/post"}],"author":[{"embeddable":true,"href":"https:\/\/www.improof.lu\/en\/wp-json\/wp\/v2\/users\/15"}],"replies":[{"embeddable":true,"href":"https:\/\/www.improof.lu\/en\/wp-json\/wp\/v2\/comments?post=1076"}],"version-history":[{"count":3,"href":"https:\/\/www.improof.lu\/en\/wp-json\/wp\/v2\/posts\/1076\/revisions"}],"predecessor-version":[{"id":1763,"href":"https:\/\/www.improof.lu\/en\/wp-json\/wp\/v2\/posts\/1076\/revisions\/1763"}],"wp:attachment":[{"href":"https:\/\/www.improof.lu\/en\/wp-json\/wp\/v2\/media?parent=1076"}],"wp:term":[{"taxonomy":"category","embeddable":true,"href":"https:\/\/www.improof.lu\/en\/wp-json\/wp\/v2\/categories?post=1076"},{"taxonomy":"post_tag","embeddable":true,"href":"https:\/\/www.improof.lu\/en\/wp-json\/wp\/v2\/tags?post=1076"}],"curies":[{"name":"wp","href":"https:\/\/api.w.org\/{rel}","templated":true}]}}