{"id":1411,"date":"2023-10-04T12:36:34","date_gmt":"2023-10-04T12:36:34","guid":{"rendered":"https:\/\/www.improof.lu\/?p=1411"},"modified":"2024-01-31T15:15:46","modified_gmt":"2024-01-31T15:15:46","slug":"classes-moyennes-3","status":"publish","type":"post","link":"https:\/\/www.improof.lu\/en\/articles\/classes-moyennes-3\/","title":{"rendered":"Quid du patrimoine dans la d\u00e9finition des classes moyennes ?"},"content":{"rendered":"<p>La d\u00e9finition des classes moyennes n\u2019est certes pas un sujet qui fait l\u2019unanimit\u00e9, comme l\u2019a th\u00e9matis\u00e9 en long et en large l\u2019article \u00ab <a href=\"https:\/\/www.improof.lu\/fr\/articles\/classes-moyennes-1\/\" target=\"_blank\" rel=\"noopener\"><em><span style=\"text-decoration: underline;\">La classe moyenne &#8211; c\u2019est moi !<\/span><\/em><\/a> \u00bb. En abordant la question d&#8217;un point de vue \u00e9conomique plut\u00f4t que sociologique ou philosophique, la classe moyenne y est estim\u00e9e \u00e0 partir du niveau du revenu disponible des m\u00e9nages. Toutefois, qu\u2019en est-il de l\u2019impact du patrimoine sur le positionnement social des m\u00e9nages ?<\/p>\n<p>Si, d\u2019un point de vue purement \u00e9conomique, le niveau de richesse est privil\u00e9gi\u00e9 pour d\u00e9terminer l&#8217;appartenance \u00e0 la classe moyenne, encore faut-il pouvoir s\u2019entendre sur la question de qu\u2019est-ce qu\u2019est la richesse d\u2019un m\u00e9nage. Dans l\u2019article pr\u00e9c\u00e9dent, la richesse est approxim\u00e9e par le niveau de vie des m\u00e9nages qui repose, par d\u00e9finition, sur leurs revenus ; pourtant rien n\u2019emp\u00eache de consid\u00e9rer le patrimoine plut\u00f4t que le niveau de revenu pour \u00e9valuer la richesse des m\u00e9nages et pour ainsi construire une d\u00e9finition de la classe moyenne.<\/p>\n<h2>La classe moyenne en fonction du patrimoine<\/h2>\n<p>Pour \u00e9tablir une d\u00e9finition de la classe moyenne bas\u00e9e sur le patrimoine, il existe, tout comme pour la d\u00e9finition bas\u00e9e sur le niveau de vie, de nombreuses possibilit\u00e9s de seuils et de plafonds \u00e0 prendre en compte. Pour d\u00e9terminer les seuils sup\u00e9rieur et inf\u00e9rieur de classe moyenne, nous empruntons \u00e0 la fois la d\u00e9finition de la classe moyenne par le niveau de vie retenue pr\u00e9c\u00e9demment et la contribution de Eisenhauer (2008)[1]. Plus pr\u00e9cis\u00e9ment, appartiennent ainsi \u00e0 la classe moyenne patrimoniale tous les m\u00e9nages dont le patrimoine net \u00e9quivalent[2] d\u00e9passe\u00a0 75% du revenu disponible m\u00e9dian \u00e9quivalent annuel des m\u00e9nages luxembourgeois et reste inf\u00e9rieur \u00e0 30 fois ce revenu m\u00e9dian.[3]<\/p>\n<p>Le seuil inf\u00e9rieur de la d\u00e9finition assure ainsi que, en vendant leur patrimoine, les m\u00e9nages les moins dot\u00e9s de cette classe moyenne patrimoniale sont, en cas d\u2019interruption de flux de revenu et pendant un an, capables de maintenir un niveau de revenu qui \u00e9quivaut \u00e0 celui d\u2019un m\u00e9nage disposant d\u2019un revenu \u00e9gal \u00e0 75% du revenu m\u00e9dian. Le seuil sup\u00e9rieur de la classe moyenne, tel que d\u00e9fini par Eisenhauer (2008), est fix\u00e9 de telle sorte qu&#8217;\u00e0 partir du seul rendement[4] de leur patrimoine net, les m\u00e9nages de la classe moyenne ne sont pas en mesure de mener un niveau de vie \u00e9quivalent \u00e0 celui d&#8217;un m\u00e9nage disposant du revenu m\u00e9dian.<\/p>\n<p>Ainsi, font partie de la classe moyenne tous les m\u00e9nages dont le patrimoine est suffisant pour assurer un niveau de vie d\u00e9cent pendant un an (d\u00e9fini comme \u00e9tant \u00e0 75% du niveau de vie m\u00e9dian) en cas de revenus nuls, mais dont le patrimoine est insuffisant pour leur permettre de maintenir ind\u00e9finiment un niveau de vie m\u00e9dian uniquement gr\u00e2ce au rendement de leur patrimoine.<\/p>\n<p>En se basant sur les donn\u00e9es les plus r\u00e9centes de revenu du Luxembourg Income Study (LIS) de 2019, o\u00f9 le revenu disponible annuel \u00e9quivalent m\u00e9dian est de 41 192 euros, on peut affirmer que, selon notre d\u00e9finition, les m\u00e9nages appartenant \u00e0 la classe moyenne patrimoniale sont ceux dont le patrimoine net \u00e9quivalent se situe entre 30 894 et 1 235 760 euros en 2019. En ajustant ces seuils en euros de septembre 2023, on obtient respectivement 37 772 et 1 510 866 euros.[5][6]<\/p>\n<p>Ainsi, selon cette d\u00e9finition, un m\u00e9nage d\u2019un adulte avec un enfant est consid\u00e9r\u00e9 comme faisant partie de la classe moyenne patrimoniale tant que son patrimoine se situe, en mai 2023, entre 49 103 et 1 964 125 euros ; pour les m\u00e9nages constitu\u00e9s d\u2019un couple avec deux enfants, le patrimoine net minimum et maximum pour appartenir \u00e0 la classe moyenne s\u2019\u00e9l\u00e8ve respectivement \u00e0 79 320 et 3 172 818 euros.<\/p>\n<p><em><strong>Tableau : La classe moyenne patrimoniale \u2013 c\u2019est qui ?<\/strong><\/em><\/p>\n<p><img decoding=\"async\" src=\"https:\/\/www.improof.lu\/app\/uploads\/2023\/10\/Small1.jpg\" \/><\/p>\n<p><span style=\"font-size: 8pt;\">Donn\u00e9es : Luxembourg Income Study (LIS) Database http:\/\/www.lisdatacenter.org (Juin 2023) ; tableau et calculs : Auteur<\/span><\/p>\n<p>En utilisant les donn\u00e9es patrimoniales les plus r\u00e9centes du Luxembourg Wealth Study (LWS) de 2018 et en appliquant les seuils actualis\u00e9s retenus[7], on peut estimer que 70,7% des m\u00e9nages appartiennent \u00e0 la classe moyenne patrimoniale, tandis que 8,9% appartiennent aux classes sup\u00e9rieures et 20,4% appartiennent aux classes inf\u00e9rieures. Notons que, par rapport \u00e0 la classe moyenne de niveau de vie, la classe moyenne patrimoniale est plus importante et la classe patrimoniale inf\u00e9rieure l\u2019est moins, selon nos d\u00e9finitions respectives. En effet, en consid\u00e9rant le niveau de vie au lieu du patrimoine, 61,4% des m\u00e9nages appartiennent \u00e0 la classe moyenne et 29,5% aux classes inf\u00e9rieures.<\/p>\n<p><em><strong>Graphique : La taille des diff\u00e9rentes classes sociales selon la mesure de \u00ab richesse \u00bb consid\u00e9r\u00e9e<\/strong><\/em><\/p>\n<p><img decoding=\"async\" src=\"https:\/\/www.improof.lu\/app\/uploads\/2023\/10\/Small2.jpg\" \/><\/p>\n<p><span style=\"font-size: 8pt;\">Donn\u00e9es : Luxembourg Income Study et Luxembourg Wealth Study Database http:\/\/www.lisdatacenter.org (Juin 2023) ; graphique et calculs : Auteur<\/span><\/p>\n<p>En termes de poids \u00e9conomique, il est important de noter que la vaste classe moyenne, qui repr\u00e9sente 70,9% des m\u00e9nages, ne concentre \u00ab que \u00bb 53,3% de l&#8217;ensemble du patrimoine net des r\u00e9sidents. Les classes inf\u00e9rieures, repr\u00e9sentant plus de 20% des m\u00e9nages, ne poss\u00e8dent quant \u00e0 elles que 0,2% du patrimoine net. En revanche, les classes sup\u00e9rieures, soit les 8,9% des m\u00e9nages poss\u00e9dant le patrimoine net le plus \u00e9lev\u00e9, concentrent 46,4% du patrimoine net. Ainsi, les classes sup\u00e9rieures poss\u00e8dent presque autant de patrimoine que les classes moyennes, alors que ces derni\u00e8res sont 8 fois plus nombreuses en termes de m\u00e9nages.<\/p>\n<h2>Combiner revenu et patrimoine pour d\u00e9finir la classe moyenne<\/h2>\n<p>La d\u00e9finition d\u2019une nouvelle classe moyenne ax\u00e9e sur le patrimoine net des m\u00e9nages est certes utile et n\u00e9cessaire pour illustrer que, selon la d\u00e9finition de richesse d\u00e9finie, la taille et le poids \u00e9conomique de la classe moyenne peut diverger consid\u00e9rablement. Nonobstant, cette deuxi\u00e8me d\u00e9finition de la classe moyenne reposant sur le patrimoine au lieu du revenu des m\u00e9nages est-elle vraiment plus parlante, respectivement plus juste que la d\u00e9finition bas\u00e9e sur le revenu ?<\/p>\n<p>Force est de constater qu\u2019en se basant uniquement sur le revenu, ou en se basant uniquement sur le patrimoine, l\u2019on n\u00e9glige une part tr\u00e8s importante de la richesse des m\u00e9nages. Si un m\u00e9nage se situe dans la classe moyenne en termes de niveau de vie, mais dans la classe sup\u00e9rieure de patrimoine, fait-il encore partie de la classe moyenne ? De m\u00eame, un m\u00e9nage appartenant \u00e0 la classe moyenne de niveau de vie, mais \u00e0 la classe inf\u00e9rieure patrimoniale, devrait-il \u00eatre consid\u00e9r\u00e9 comme appartenant \u00e0 la classe moyenne ?<\/p>\n<p>Sans aucun doute, une d\u00e9finition bas\u00e9e \u00e0 la fois sur le patrimoine des m\u00e9nages et sur leur revenu est n\u00e9cessaire pour d\u00e9finir \u00e9conomiquement et en fonction de la richesse globale quels m\u00e9nages appartiennent \u00e0 la classe moyenne et quels m\u00e9nages n\u2019y figurent pas. Or, avant de pouvoir faire co\u00efncider le patrimoine (qui est un stock) et le revenu (qui est un flux), il importe d\u2019\u00ab annualiser \u00bb le patrimoine. Concr\u00e8tement, nous divisons la valeur du patrimoine par un d\u00e9nominateur correspondant au nombre d\u2019ann\u00e9es au cours desquelles ce patrimoine sera consomm\u00e9. Cette annuit\u00e9 de patrimoine est alors consid\u00e9r\u00e9e comme un revenu annuel fictif du m\u00e9nage qui va s\u2019ajouter au revenu effectif pour la d\u00e9termination des classes moyennes.<\/p>\n<p>Pour d\u00e9finir les classes moyennes \u00e9conomiques, nous utilisons cette fois la m\u00eame approche que pour la d\u00e9finition des classes moyennes bas\u00e9es sur le niveau de vie, en se r\u00e9f\u00e9rant \u00e0 la d\u00e9finition d&#8217;Atkinson et al. (2011)[8] et de OCDE (2019)[9]. Selon cette d\u00e9finition, appartiennent aux classes moyennes tous les m\u00e9nages ayant un revenu \u00e9quivalent compris entre 75% et 200% du revenu \u00e9quivalent m\u00e9dian. Le revenu est consid\u00e9r\u00e9 en termes bruts totaux[10], incluant tous les transferts sociaux, et est major\u00e9 par les annuit\u00e9s du patrimoine net. Pour calculer ces annuit\u00e9s, la valeur du patrimoine net est divis\u00e9e par 35, ce qui correspond \u00e0 l&#8217;esp\u00e9rance de vie moyenne qui reste aux chefs de m\u00e9nage dont l\u2019\u00e2ge moyen s\u2019\u00e9l\u00e8ve \u00e0 51 ans.[11]<\/p>\n<p>Avec cette d\u00e9finition, et en se basant sur les donn\u00e9es du Luxembourg Wealth Study (LWS) de 2018, on peut d\u00e9finir comme appartenant \u00e0 la classe moyenne tous les m\u00e9nages dont le revenu \u00e9quivalent annuel brut major\u00e9 d\u2019annuit\u00e9s de patrimoine se situe entre 44 129 et 117 679 euros en 2018.[12] \u00c9tant donn\u00e9 que la valeur du patrimoine, et dans une moindre mesure le revenu, a fortement augment\u00e9 depuis 2018, il est indispensable de revaloriser ces chiffres pour les comparer aux niveaux actuels de revenus et de patrimoine.[13] En euros de 2023, la classe moyenne \u00e9conomique peut ainsi \u00eatre d\u00e9finie comme regroupant l&#8217;ensemble des m\u00e9nages ayant un revenu brut annuel major\u00e9 \u00e9quivalent compris entre 58 765 et 156 706 euros.<\/p>\n<p>Par cons\u00e9quent, un couple sans enfant appartient \u00e0 la classe moyenne tant que son revenu annuel brut major\u00e9 par l\u2019annuit\u00e9 de patrimoine net se situe entre 88 147 et 235 059 euros, tandis qu\u2019un couple avec trois enfants a besoin d\u2019un revenu brut major\u00e9 entre 141 035 et 376 094 euros pour appartenir \u00e0 la classe moyenne.<\/p>\n<p><em><strong>Tableau : La classe moyenne \u00e9conomique \u2013 c\u2019est qui ?<\/strong><\/em><\/p>\n<p><img decoding=\"async\" src=\"https:\/\/www.improof.lu\/app\/uploads\/2023\/10\/Small3.jpg\" \/><\/p>\n<p><span style=\"font-size: 8pt;\">Donn\u00e9es : Luxembourg Wealth Study Database http:\/\/www.lisdatacenter.org (Juin 2023) ; tableau et calculs : Auteur<\/span><\/p>\n<p>Cette nouvelle classe moyenne \u00e9conomiquement d\u00e9finie sur base du patrimoine et du revenu des m\u00e9nages regroupe 51,0% des m\u00e9nages au Luxembourg en 2018. 13,2% des m\u00e9nages appartiennent aux classes sup\u00e9rieures en raison de leur niveau de revenu brut major\u00e9 \u00e9lev\u00e9, tandis que les 35,8% restants appartiennent aux classes inf\u00e9rieures.<\/p>\n<p>L\u2019on notera qu\u2019en se basant \u00e0 la fois sur le revenu et le patrimoine des m\u00e9nages pour d\u00e9finir la classe moyenne, celle-ci est moins nombreuse et la polarisation est plus importante. En effet, les extr\u00e9mit\u00e9s repr\u00e9sentent 49,0% des m\u00e9nages, dont les deux tiers appartiennent aux classes inf\u00e9rieures, en faisant l\u2019analyse combin\u00e9e patrimoine-revenu, tandis que pour les analyses individuelles sur foi du patrimoine ou du revenu, les extr\u00e9mit\u00e9s ne repr\u00e9sentent respectivement que moins de 30% ou de 39% des m\u00e9nages.<\/p>\n<p><em><strong>Graphique : La taille des diff\u00e9rentes classes sociales selon la mesure de \u00ab richesse \u00bb consid\u00e9r\u00e9e<\/strong><\/em><\/p>\n<p><img decoding=\"async\" src=\"https:\/\/www.improof.lu\/app\/uploads\/2023\/10\/Small4.jpg\" \/><\/p>\n<p><span style=\"font-size: 8pt;\">Donn\u00e9es : Luxembourg Wealth Study Database http:\/\/www.lisdatacenter.org (Juin 2023) ; graphique et calculs : Auteur<\/span><\/p>\n<p>La classe moyenne compos\u00e9e de 51,0% des m\u00e9nages r\u00e9sidents concentre au total 50,4% de la richesse d\u00e9tenue par les m\u00e9nages. En revanche, les classes sup\u00e9rieures poss\u00e8dent 36,3% de l\u2019ensemble des revenus major\u00e9s, soit une proportion quasiment trois fois aussi importante que leur poids dans la population ne le justifierait dans une soci\u00e9t\u00e9 plus coh\u00e9sive. Les classes inf\u00e9rieures quant \u00e0 elles n\u2019accumulent que 13,4% de la richesse totale au Luxembourg, alors qu\u2019elles repr\u00e9sentent 35,8% des m\u00e9nages.<\/p>\n<p style=\"text-align: center;\">* * *<\/p>\n<p>En fin de compte, nous avons \u00e9tabli une d\u00e9finition \u00e9conomique de la classe moyenne exhaustive, qui consid\u00e8re la richesse effective et globale des m\u00e9nages, en couvrant \u00e0 la fois les revenus et le patrimoine dont disposent les m\u00e9nages. La combinaison des deux aspects est importante si l\u2019on souhaite argumenter et fonder des d\u00e9cisions politiques sur un indicateur unique qui tient compte du fait qu\u2019une personne riche en revenu peut \u00eatre pauvre en patrimoine et vice versa.<\/p>\n<p>Du fait d\u2019un patrimoine tr\u00e8s in\u00e9galement distribu\u00e9, il n\u2019est gu\u00e8re surprenant que la classe moyenne soit moins repr\u00e9sent\u00e9e quand on ajoute au revenu des m\u00e9nages le patrimoine sous forme d\u2019annuit\u00e9s. En r\u00e9alit\u00e9, une importante part de la population peut \u00eatre consid\u00e9r\u00e9e comme appartenant aux classes inf\u00e9rieures du fait d\u2019une combinaison revenu-patrimoine insuffisante. Si la tendance \u00e0 la <a href=\"https:\/\/www.improof.lu\/fr\/articles\/classes-moyennes-1\/\" target=\"_blank\" rel=\"noopener\"><em><span style=\"text-decoration: underline;\">baisse de la part des classes moyennes selon le niveau de vie<\/span><\/em><\/a> venait \u00e0 se confirmer pour les classes moyennes en fonction de la richesse combin\u00e9e, il se peut que, tr\u00e8s prochainement, les classes moyennes ne repr\u00e9senteront plus la majorit\u00e9 des m\u00e9nages au Luxembourg.<\/p>\n<p><em><span style=\"font-size: 10pt;\">*Note : Comment puis-je calculer mon revenu brut annuel major\u00e9 ? Calcul : <\/span><\/em><em><span style=\"font-size: 10pt;\">[Valeur marchande de l\u2019ensemble du patrimoine du m\u00e9nage (maison, voiture, d\u00e9p\u00f4ts bancaires, etc.) \u2013 Ensemble des dettes] \u00f7 par 35 + revenu brut annuel du m\u00e9nage (salaires, pensions, allocations familiales, dividendes, etc.) = revenu brut annuel major\u00e9<\/span><\/em><\/p>\n","protected":false},"excerpt":{"rendered":"<p>La d\u00e9finition des classes moyennes n\u2019est certes pas un sujet qui fait l\u2019unanimit\u00e9, comme l\u2019a th\u00e9matis\u00e9 en long et en large l\u2019article \u00ab <em>La classe moyenne &#8211; c\u2019est moi !<\/em> \u00bb. En abordant la question d&#8217;un point de vue \u00e9conomique plut\u00f4t que sociologique ou philosophique, la classe moyenne y est estim\u00e9e \u00e0 partir du niveau du revenu disponible des m\u00e9nages. Toutefois, qu\u2019en est-il de l\u2019impact du patrimoine sur le positionnement social des m\u00e9nages ?<\/p>\n","protected":false},"author":8,"featured_media":0,"comment_status":"open","ping_status":"open","sticky":false,"template":"","format":"standard","meta":{"_acf_changed":false,"footnotes":""},"categories":[1],"tags":[],"class_list":["post-1411","post","type-post","status-publish","format-standard","hentry","category-uncategorized","topic-inequalities","format-text"],"acf":[],"yoast_head":"<!-- This site is optimized with the Yoast SEO plugin v23.9 - https:\/\/yoast.com\/wordpress\/plugins\/seo\/ -->\n<title>Quid du patrimoine dans la d\u00e9finition des classes moyennes ? - Improof<\/title>\n<meta name=\"robots\" content=\"index, follow, max-snippet:-1, max-image-preview:large, max-video-preview:-1\" \/>\n<link rel=\"canonical\" href=\"https:\/\/www.improof.lu\/en\/articles\/classes-moyennes-3\/\" \/>\n<meta property=\"og:locale\" content=\"en_US\" \/>\n<meta property=\"og:type\" content=\"article\" \/>\n<meta property=\"og:title\" content=\"Quid du patrimoine dans la d\u00e9finition des classes moyennes ?\" \/>\n<meta property=\"og:description\" content=\"La d\u00e9finition des classes moyennes n\u2019est certes pas un sujet qui fait l\u2019unanimit\u00e9, comme l\u2019a th\u00e9matis\u00e9 en long et en large l\u2019article \u00ab La classe moyenne - c\u2019est moi ! \u00bb. En abordant la question d&#039;un point de vue \u00e9conomique plut\u00f4t que sociologique ou philosophique, la classe moyenne y est estim\u00e9e \u00e0 partir du niveau du revenu disponible des m\u00e9nages. Toutefois, qu\u2019en est-il de l\u2019impact du patrimoine sur le positionnement social des m\u00e9nages ?\" \/>\n<meta property=\"og:url\" content=\"https:\/\/www.improof.lu\/en\/articles\/classes-moyennes-3\/\" \/>\n<meta property=\"og:site_name\" content=\"Improof\" \/>\n<meta property=\"article:published_time\" content=\"2023-10-04T12:36:34+00:00\" \/>\n<meta property=\"article:modified_time\" content=\"2024-01-31T15:15:46+00:00\" \/>\n<meta property=\"og:image\" content=\"https:\/\/www.improof.lu\/app\/uploads\/2023\/10\/Patrimoine.jpg\" \/>\n\t<meta property=\"og:image:width\" content=\"1920\" \/>\n\t<meta property=\"og:image:height\" content=\"1076\" \/>\n\t<meta property=\"og:image:type\" content=\"image\/jpeg\" \/>\n<meta name=\"author\" content=\"Dylan Theis\" \/>\n<meta name=\"twitter:card\" content=\"summary_large_image\" \/>\n<meta name=\"twitter:title\" content=\"Quid du patrimoine dans la d\u00e9finition des classes moyennes ?\" \/>\n<meta name=\"twitter:description\" content=\"La d\u00e9finition des classes moyennes n\u2019est certes pas un sujet qui fait l\u2019unanimit\u00e9, comme l\u2019a th\u00e9matis\u00e9 en long et en large l\u2019article \u00ab La classe moyenne - c\u2019est moi ! \u00bb. En abordant la question d&#039;un point de vue \u00e9conomique plut\u00f4t que sociologique ou philosophique, la classe moyenne y est estim\u00e9e \u00e0 partir du niveau du revenu disponible des m\u00e9nages. Toutefois, qu\u2019en est-il de l\u2019impact du patrimoine sur le positionnement social des m\u00e9nages ?\" \/>\n<meta name=\"twitter:image\" content=\"https:\/\/www.improof.lu\/app\/uploads\/2023\/10\/Patrimoine.jpg\" \/>\n<meta name=\"twitter:label1\" content=\"Written by\" \/>\n\t<meta name=\"twitter:data1\" content=\"Dylan Theis\" \/>\n\t<meta name=\"twitter:label2\" content=\"Est. reading time\" \/>\n\t<meta name=\"twitter:data2\" content=\"10 minutes\" \/>\n<script type=\"application\/ld+json\" class=\"yoast-schema-graph\">{\"@context\":\"https:\/\/schema.org\",\"@graph\":[{\"@type\":\"Article\",\"@id\":\"https:\/\/www.improof.lu\/en\/articles\/classes-moyennes-3\/#article\",\"isPartOf\":{\"@id\":\"https:\/\/www.improof.lu\/en\/articles\/classes-moyennes-3\/\"},\"author\":{\"name\":\"Dylan Theis\",\"@id\":\"https:\/\/www.improof.lu\/en\/#\/schema\/person\/7aaf2286464ae00d2447ba7811787c41\"},\"headline\":\"Quid du patrimoine dans la d\u00e9finition des classes moyennes ?\",\"datePublished\":\"2023-10-04T12:36:34+00:00\",\"dateModified\":\"2024-01-31T15:15:46+00:00\",\"mainEntityOfPage\":{\"@id\":\"https:\/\/www.improof.lu\/en\/articles\/classes-moyennes-3\/\"},\"wordCount\":2065,\"commentCount\":0,\"publisher\":{\"@id\":\"https:\/\/www.improof.lu\/en\/#organization\"},\"image\":{\"@id\":\"https:\/\/www.improof.lu\/en\/articles\/classes-moyennes-3\/#primaryimage\"},\"thumbnailUrl\":\"https:\/\/www.improof.lu\/app\/uploads\/2023\/10\/Small1.jpg\",\"inLanguage\":\"en-US\",\"potentialAction\":[{\"@type\":\"CommentAction\",\"name\":\"Comment\",\"target\":[\"https:\/\/www.improof.lu\/en\/articles\/classes-moyennes-3\/#respond\"]}]},{\"@type\":\"WebPage\",\"@id\":\"https:\/\/www.improof.lu\/en\/articles\/classes-moyennes-3\/\",\"url\":\"https:\/\/www.improof.lu\/en\/articles\/classes-moyennes-3\/\",\"name\":\"Quid du patrimoine dans la d\u00e9finition des classes moyennes ? - Improof\",\"isPartOf\":{\"@id\":\"https:\/\/www.improof.lu\/en\/#website\"},\"primaryImageOfPage\":{\"@id\":\"https:\/\/www.improof.lu\/en\/articles\/classes-moyennes-3\/#primaryimage\"},\"image\":{\"@id\":\"https:\/\/www.improof.lu\/en\/articles\/classes-moyennes-3\/#primaryimage\"},\"thumbnailUrl\":\"https:\/\/www.improof.lu\/app\/uploads\/2023\/10\/Small1.jpg\",\"datePublished\":\"2023-10-04T12:36:34+00:00\",\"dateModified\":\"2024-01-31T15:15:46+00:00\",\"breadcrumb\":{\"@id\":\"https:\/\/www.improof.lu\/en\/articles\/classes-moyennes-3\/#breadcrumb\"},\"inLanguage\":\"en-US\",\"potentialAction\":[{\"@type\":\"ReadAction\",\"target\":[\"https:\/\/www.improof.lu\/en\/articles\/classes-moyennes-3\/\"]}]},{\"@type\":\"ImageObject\",\"inLanguage\":\"en-US\",\"@id\":\"https:\/\/www.improof.lu\/en\/articles\/classes-moyennes-3\/#primaryimage\",\"url\":\"https:\/\/www.improof.lu\/app\/uploads\/2023\/10\/Small1.jpg\",\"contentUrl\":\"https:\/\/www.improof.lu\/app\/uploads\/2023\/10\/Small1.jpg\"},{\"@type\":\"BreadcrumbList\",\"@id\":\"https:\/\/www.improof.lu\/en\/articles\/classes-moyennes-3\/#breadcrumb\",\"itemListElement\":[{\"@type\":\"ListItem\",\"position\":1,\"name\":\"Home\",\"item\":\"https:\/\/www.improof.lu\/en\/\"},{\"@type\":\"ListItem\",\"position\":2,\"name\":\"Quid du patrimoine dans la d\u00e9finition des classes moyennes ?\"}]},{\"@type\":\"WebSite\",\"@id\":\"https:\/\/www.improof.lu\/en\/#website\",\"url\":\"https:\/\/www.improof.lu\/en\/\",\"name\":\"Improof\",\"description\":\"Tagline goes here\",\"publisher\":{\"@id\":\"https:\/\/www.improof.lu\/en\/#organization\"},\"potentialAction\":[{\"@type\":\"SearchAction\",\"target\":{\"@type\":\"EntryPoint\",\"urlTemplate\":\"https:\/\/www.improof.lu\/en\/?s={search_term_string}\"},\"query-input\":{\"@type\":\"PropertyValueSpecification\",\"valueRequired\":true,\"valueName\":\"search_term_string\"}}],\"inLanguage\":\"en-US\"},{\"@type\":\"Organization\",\"@id\":\"https:\/\/www.improof.lu\/en\/#organization\",\"name\":\"Improof\",\"url\":\"https:\/\/www.improof.lu\/en\/\",\"logo\":{\"@type\":\"ImageObject\",\"inLanguage\":\"en-US\",\"@id\":\"https:\/\/www.improof.lu\/en\/#\/schema\/logo\/image\/\",\"url\":\"https:\/\/www.improof.lu\/app\/uploads\/2022\/10\/improof-logo-svg.png\",\"contentUrl\":\"https:\/\/www.improof.lu\/app\/uploads\/2022\/10\/improof-logo-svg.png\",\"width\":652,\"height\":209,\"caption\":\"Improof\"},\"image\":{\"@id\":\"https:\/\/www.improof.lu\/en\/#\/schema\/logo\/image\/\"}},{\"@type\":\"Person\",\"@id\":\"https:\/\/www.improof.lu\/en\/#\/schema\/person\/7aaf2286464ae00d2447ba7811787c41\",\"name\":\"Dylan Theis\",\"image\":{\"@type\":\"ImageObject\",\"inLanguage\":\"en-US\",\"@id\":\"https:\/\/www.improof.lu\/en\/#\/schema\/person\/image\/\",\"url\":\"https:\/\/secure.gravatar.com\/avatar\/1991007fbb4e5a769ee7f0a6a6cc3d0c?s=96&d=mm&r=g\",\"contentUrl\":\"https:\/\/secure.gravatar.com\/avatar\/1991007fbb4e5a769ee7f0a6a6cc3d0c?s=96&d=mm&r=g\",\"caption\":\"Dylan Theis\"},\"url\":\"https:\/\/www.improof.lu\/en\/articles\/author\/dylan-theis\/\"}]}<\/script>\n<!-- \/ Yoast SEO plugin. -->","yoast_head_json":{"title":"Quid du patrimoine dans la d\u00e9finition des classes moyennes ? - Improof","robots":{"index":"index","follow":"follow","max-snippet":"max-snippet:-1","max-image-preview":"max-image-preview:large","max-video-preview":"max-video-preview:-1"},"canonical":"https:\/\/www.improof.lu\/en\/articles\/classes-moyennes-3\/","og_locale":"en_US","og_type":"article","og_title":"Quid du patrimoine dans la d\u00e9finition des classes moyennes ?","og_description":"La d\u00e9finition des classes moyennes n\u2019est certes pas un sujet qui fait l\u2019unanimit\u00e9, comme l\u2019a th\u00e9matis\u00e9 en long et en large l\u2019article \u00ab La classe moyenne - c\u2019est moi ! \u00bb. En abordant la question d'un point de vue \u00e9conomique plut\u00f4t que sociologique ou philosophique, la classe moyenne y est estim\u00e9e \u00e0 partir du niveau du revenu disponible des m\u00e9nages. Toutefois, qu\u2019en est-il de l\u2019impact du patrimoine sur le positionnement social des m\u00e9nages ?","og_url":"https:\/\/www.improof.lu\/en\/articles\/classes-moyennes-3\/","og_site_name":"Improof","article_published_time":"2023-10-04T12:36:34+00:00","article_modified_time":"2024-01-31T15:15:46+00:00","og_image":[{"width":1920,"height":1076,"url":"https:\/\/www.improof.lu\/app\/uploads\/2023\/10\/Patrimoine.jpg","type":"image\/jpeg"}],"author":"Dylan Theis","twitter_card":"summary_large_image","twitter_title":"Quid du patrimoine dans la d\u00e9finition des classes moyennes ?","twitter_description":"La d\u00e9finition des classes moyennes n\u2019est certes pas un sujet qui fait l\u2019unanimit\u00e9, comme l\u2019a th\u00e9matis\u00e9 en long et en large l\u2019article \u00ab La classe moyenne - c\u2019est moi ! \u00bb. En abordant la question d'un point de vue \u00e9conomique plut\u00f4t que sociologique ou philosophique, la classe moyenne y est estim\u00e9e \u00e0 partir du niveau du revenu disponible des m\u00e9nages. Toutefois, qu\u2019en est-il de l\u2019impact du patrimoine sur le positionnement social des m\u00e9nages ?","twitter_image":"https:\/\/www.improof.lu\/app\/uploads\/2023\/10\/Patrimoine.jpg","twitter_misc":{"Written by":"Dylan Theis","Est. reading time":"10 minutes"},"schema":{"@context":"https:\/\/schema.org","@graph":[{"@type":"Article","@id":"https:\/\/www.improof.lu\/en\/articles\/classes-moyennes-3\/#article","isPartOf":{"@id":"https:\/\/www.improof.lu\/en\/articles\/classes-moyennes-3\/"},"author":{"name":"Dylan Theis","@id":"https:\/\/www.improof.lu\/en\/#\/schema\/person\/7aaf2286464ae00d2447ba7811787c41"},"headline":"Quid du patrimoine dans la d\u00e9finition des classes moyennes ?","datePublished":"2023-10-04T12:36:34+00:00","dateModified":"2024-01-31T15:15:46+00:00","mainEntityOfPage":{"@id":"https:\/\/www.improof.lu\/en\/articles\/classes-moyennes-3\/"},"wordCount":2065,"commentCount":0,"publisher":{"@id":"https:\/\/www.improof.lu\/en\/#organization"},"image":{"@id":"https:\/\/www.improof.lu\/en\/articles\/classes-moyennes-3\/#primaryimage"},"thumbnailUrl":"https:\/\/www.improof.lu\/app\/uploads\/2023\/10\/Small1.jpg","inLanguage":"en-US","potentialAction":[{"@type":"CommentAction","name":"Comment","target":["https:\/\/www.improof.lu\/en\/articles\/classes-moyennes-3\/#respond"]}]},{"@type":"WebPage","@id":"https:\/\/www.improof.lu\/en\/articles\/classes-moyennes-3\/","url":"https:\/\/www.improof.lu\/en\/articles\/classes-moyennes-3\/","name":"Quid du patrimoine dans la d\u00e9finition des classes moyennes ? - Improof","isPartOf":{"@id":"https:\/\/www.improof.lu\/en\/#website"},"primaryImageOfPage":{"@id":"https:\/\/www.improof.lu\/en\/articles\/classes-moyennes-3\/#primaryimage"},"image":{"@id":"https:\/\/www.improof.lu\/en\/articles\/classes-moyennes-3\/#primaryimage"},"thumbnailUrl":"https:\/\/www.improof.lu\/app\/uploads\/2023\/10\/Small1.jpg","datePublished":"2023-10-04T12:36:34+00:00","dateModified":"2024-01-31T15:15:46+00:00","breadcrumb":{"@id":"https:\/\/www.improof.lu\/en\/articles\/classes-moyennes-3\/#breadcrumb"},"inLanguage":"en-US","potentialAction":[{"@type":"ReadAction","target":["https:\/\/www.improof.lu\/en\/articles\/classes-moyennes-3\/"]}]},{"@type":"ImageObject","inLanguage":"en-US","@id":"https:\/\/www.improof.lu\/en\/articles\/classes-moyennes-3\/#primaryimage","url":"https:\/\/www.improof.lu\/app\/uploads\/2023\/10\/Small1.jpg","contentUrl":"https:\/\/www.improof.lu\/app\/uploads\/2023\/10\/Small1.jpg"},{"@type":"BreadcrumbList","@id":"https:\/\/www.improof.lu\/en\/articles\/classes-moyennes-3\/#breadcrumb","itemListElement":[{"@type":"ListItem","position":1,"name":"Home","item":"https:\/\/www.improof.lu\/en\/"},{"@type":"ListItem","position":2,"name":"Quid du patrimoine dans la d\u00e9finition des classes moyennes ?"}]},{"@type":"WebSite","@id":"https:\/\/www.improof.lu\/en\/#website","url":"https:\/\/www.improof.lu\/en\/","name":"Improof","description":"Tagline goes here","publisher":{"@id":"https:\/\/www.improof.lu\/en\/#organization"},"potentialAction":[{"@type":"SearchAction","target":{"@type":"EntryPoint","urlTemplate":"https:\/\/www.improof.lu\/en\/?s={search_term_string}"},"query-input":{"@type":"PropertyValueSpecification","valueRequired":true,"valueName":"search_term_string"}}],"inLanguage":"en-US"},{"@type":"Organization","@id":"https:\/\/www.improof.lu\/en\/#organization","name":"Improof","url":"https:\/\/www.improof.lu\/en\/","logo":{"@type":"ImageObject","inLanguage":"en-US","@id":"https:\/\/www.improof.lu\/en\/#\/schema\/logo\/image\/","url":"https:\/\/www.improof.lu\/app\/uploads\/2022\/10\/improof-logo-svg.png","contentUrl":"https:\/\/www.improof.lu\/app\/uploads\/2022\/10\/improof-logo-svg.png","width":652,"height":209,"caption":"Improof"},"image":{"@id":"https:\/\/www.improof.lu\/en\/#\/schema\/logo\/image\/"}},{"@type":"Person","@id":"https:\/\/www.improof.lu\/en\/#\/schema\/person\/7aaf2286464ae00d2447ba7811787c41","name":"Dylan Theis","image":{"@type":"ImageObject","inLanguage":"en-US","@id":"https:\/\/www.improof.lu\/en\/#\/schema\/person\/image\/","url":"https:\/\/secure.gravatar.com\/avatar\/1991007fbb4e5a769ee7f0a6a6cc3d0c?s=96&d=mm&r=g","contentUrl":"https:\/\/secure.gravatar.com\/avatar\/1991007fbb4e5a769ee7f0a6a6cc3d0c?s=96&d=mm&r=g","caption":"Dylan Theis"},"url":"https:\/\/www.improof.lu\/en\/articles\/author\/dylan-theis\/"}]}},"_links":{"self":[{"href":"https:\/\/www.improof.lu\/en\/wp-json\/wp\/v2\/posts\/1411","targetHints":{"allow":["GET"]}}],"collection":[{"href":"https:\/\/www.improof.lu\/en\/wp-json\/wp\/v2\/posts"}],"about":[{"href":"https:\/\/www.improof.lu\/en\/wp-json\/wp\/v2\/types\/post"}],"author":[{"embeddable":true,"href":"https:\/\/www.improof.lu\/en\/wp-json\/wp\/v2\/users\/8"}],"replies":[{"embeddable":true,"href":"https:\/\/www.improof.lu\/en\/wp-json\/wp\/v2\/comments?post=1411"}],"version-history":[{"count":2,"href":"https:\/\/www.improof.lu\/en\/wp-json\/wp\/v2\/posts\/1411\/revisions"}],"predecessor-version":[{"id":1721,"href":"https:\/\/www.improof.lu\/en\/wp-json\/wp\/v2\/posts\/1411\/revisions\/1721"}],"wp:attachment":[{"href":"https:\/\/www.improof.lu\/en\/wp-json\/wp\/v2\/media?parent=1411"}],"wp:term":[{"taxonomy":"category","embeddable":true,"href":"https:\/\/www.improof.lu\/en\/wp-json\/wp\/v2\/categories?post=1411"},{"taxonomy":"post_tag","embeddable":true,"href":"https:\/\/www.improof.lu\/en\/wp-json\/wp\/v2\/tags?post=1411"}],"curies":[{"name":"wp","href":"https:\/\/api.w.org\/{rel}","templated":true}]}}