{"id":1335,"date":"2023-09-27T13:15:42","date_gmt":"2023-09-27T13:15:42","guid":{"rendered":"https:\/\/www.improof.lu\/?p=1335"},"modified":"2024-01-31T15:16:28","modified_gmt":"2024-01-31T15:16:28","slug":"classes-moyennes-2","status":"publish","type":"post","link":"https:\/\/www.improof.lu\/fr\/articles\/classes-moyennes-2\/","title":{"rendered":"Zoom sur le d\u00e9clin des classes moyennes"},"content":{"rendered":"<p>Le <a href=\"https:\/\/www.improof.lu\/fr\/articles\/classes-moyennes-1\/\" target=\"_blank\" rel=\"noopener\"><span style=\"text-decoration: underline;\">d\u00e9clin des classes moyennes<\/span><\/a>, qui ne repr\u00e9sente rien d\u2019autre qu\u2019une mont\u00e9e de la polarisation sociale, n\u2019est pas une fatalit\u00e9. Il s\u2019agit d\u2019une r\u00e9alit\u00e9 \u00e9conomique et sociale que subissent les m\u00e9nages pour des raisons \u00e0 la fois structurelles et politiques.<\/p>\n<p>La p\u00e9riode des Trente Glorieuses a soutenu une v\u00e9ritable moyennisation de la soci\u00e9t\u00e9, comme le constata Henri Mendras dans La Seconde R\u00e9volution fran\u00e7aise (1988)[1] : un esprit historique des classes moyennes s\u2019y est d\u00e9velopp\u00e9 \u2013 elles sont devenues plus nombreuses et plus importantes en termes de poids \u00e9conomique, stimulant ainsi la stabilit\u00e9 politique et la croissance \u00e9conomique de l\u2019apr\u00e8s-guerre. Toutefois, au moins une partie de ces effets moyennisant les m\u00e9nages se sont annihil\u00e9s depuis et l\u2019essor de la classe moyenne s\u2019est renvers\u00e9. Depuis les ann\u00e9es 1970, mais plus encore depuis les ann\u00e9es 1980, la financiarisation de l\u2019\u00e9conomie, le bouleversement des march\u00e9s du travail, la d\u00e9localisation d\u2019un bon nombre de postes de travail li\u00e9e \u00e0 la mondialisation, la d\u00e9sindustrialisation ainsi que la num\u00e9risation et la digitalisation ont provoqu\u00e9 la fin de la moyennisation de la soci\u00e9t\u00e9.<\/p>\n<p>C\u2019est ainsi que selon des chercheurs du FMI, les ph\u00e9nom\u00e8nes structurels \u00e9conomiques de l\u2019automatisation, ainsi que la d\u00e9localisation du travail, expliquent \u00e0 eux seuls quasiment la moiti\u00e9 de la hausse de la polarisation dans les diff\u00e9rents \u00c9tats f\u00e9d\u00e9raux \u00e9tasuniens.[2] \u00c0 ces changements macro\u00e9conomiques mondiaux se sont ajout\u00e9s des changements institutionnels (r\u00e9gionaux ou nationaux) avec un impact au moins aussi important pour l\u2019essor des classes moyennes.[3]<\/p>\n<p>L\u2019\u00e9croulement des classes moyennes qui a d\u00e9but\u00e9 dans les pays anglo-saxons bien avant d&#8217;avoir commenc\u00e9 en Europe continentale s\u2019est manifest\u00e9 au Luxembourg par le passage d&#8217;une part des m\u00e9nages appartenant aux classes moyennes de niveau de vie de 70,9% \u00e0 61,4%, soit une baisse de 13,5% entre 1985 et 2019.[4]<\/p>\n<h2>La polarisation du march\u00e9 du travail<\/h2>\n<p>Au Luxembourg, l\u2019\u00e9volution sur le march\u00e9 du travail figure parmi les pistes pouvant expliquer ce d\u00e9clin. En effet, celui-ci s\u2019est polaris\u00e9, comme l\u2019a not\u00e9 le Statec dans son Regards intitul\u00e9 \u00ab Polarisation croissante de l\u2019emploi salari\u00e9 au Luxembourg \u00bb[5].<\/p>\n<p>\u00c0 partir des microdonn\u00e9es du Luxembourg Income Study (LIS), il est possible d\u2019illustrer cette polarisation du march\u00e9 du travail parmi les seuls r\u00e9sidents depuis\u00a0 1985. Concr\u00e8tement, jusqu&#8217;en 2019, la part des personnes qui ne travaillent ni en tant que cols blancs hautement qualifi\u00e9s[6], ni dans des professions \u00e9l\u00e9mentaires[7] s\u2019est r\u00e9tr\u00e9cie fortement en passant de 71,2% en 1985 \u00e0 57,0% en 2019. Cette forte baisse de presque 20% des emplois \u00ab moyens \u00bb s\u2019est faite au profit des emplois hautement qualifi\u00e9s qui sont pass\u00e9s de 14,1% \u00e0 31,0%. Les professions \u00e9l\u00e9mentaires quant \u00e0 elles sont rest\u00e9es \u00e0 peu pr\u00e8s stables.<\/p>\n<p>Compar\u00e9e \u00e0 d\u2019autres pays de l\u2019OCDE[8], cette baisse massive des emplois \u00ab moyens \u00bb au Luxembourg, tout comme la hausse extr\u00eame des emplois hautement qualifi\u00e9s, n\u2019a \u00e9t\u00e9 nulle part plus marqu\u00e9e.[9]<\/p>\n<p><em><strong>Graphique : La polarisation du march\u00e9 du travail<\/strong><\/em><\/p>\n<p><img decoding=\"async\" src=\"https:\/\/www.improof.lu\/app\/uploads\/2023\/09\/1.jpg\" \/><\/p>\n<p><span style=\"font-size: 8pt;\">Donn\u00e9es : Luxembourg Income Study (LIS) Database http:\/\/www.lisdatacenter.org (Juillet 2023) ; tableau et calculs : Auteur<\/span><\/p>\n<p>S\u2019il faut, certes, noter cette polarisation du march\u00e9 du travail, la part des salari\u00e9s appartenant \u00e0 la classe moyenne de niveau de vie a consid\u00e9rablement baiss\u00e9 pour tous les salari\u00e9s, quelle que soit leur profession. Cette baisse de la part des salari\u00e9s appartenant \u00e0 la classe moyenne est la plus forte parmi les professions \u00e9l\u00e9mentaires : le taux d\u2019appartenance y a chut\u00e9 de 40% et n\u2019atteint plus que 35,5%. Parmi les salari\u00e9s \u00e0 des postes \u00ab moyens\/interm\u00e9diaires \u00bb la baisse du taux d\u2019appartenance aux classes moyennes s\u2019\u00e9l\u00e8ve encore \u00e0 18% tandis que parmi les professions hautement qualifi\u00e9es, la baisse se limite \u00e0 14%. S\u2019il y a donc une baisse de la part des salari\u00e9s appartenant aux classes moyennes, celle-ci est consid\u00e9rablement plus forte pour les salari\u00e9s \u00e0 des postes \u00e9l\u00e9mentaires que pour les autres.<\/p>\n<h2>L\u2019inflation des dipl\u00f4mes et la d\u00e9flation des classes moyennes<\/h2>\n<p>Le ph\u00e9nom\u00e8ne de \u00ab l\u2019inflation des dipl\u00f4mes \u00bb ajoute une autre dimension de polarisation \u00e0 ce changement structurel du march\u00e9 de travail avec un effet non n\u00e9gligeable sur l\u2019essor des classes moyennes. En effet, l\u2019on constate que de plus en plus souvent les salari\u00e9s disposant d&#8217;un niveau d\u2019\u00e9ducation faible[10] sont actifs dans une profession \u00e9l\u00e9mentaire ; avec une \u00e9ducation faible, il devient donc de moins en moins probable de pouvoir travailler dans des emplois \u00ab moyens \u00bb, voire qualifi\u00e9s. Alors qu\u2019en 1985, 21,3% des salari\u00e9s avec un niveau d\u2019\u00e9ducation faible travaillaient dans des professions \u00e9l\u00e9mentaires et 73,1% travaillaient dans des emplois \u00ab moyens \u00bb, les taux respectifs s\u2019\u00e9l\u00e8vent \u00e0 36,4% et 60,8% en 2019.<\/p>\n<p>Cette hausse de la concentration des salari\u00e9s \u00e0 faible \u00e9ducation dans des emplois typiquement \u00e0 (tr\u00e8s) faible salaire explique d\u2019ailleurs que de moins en moins de personnes \u00e0 faible \u00e9ducation se retrouvent dans la classe moyenne. Entre 1985 et 2019, la part des personnes \u00e0 niveau d\u2019\u00e9ducation inf\u00e9rieur appartenant \u00e0 la classe moyenne s\u2019est r\u00e9tr\u00e9cie de 32,9%, passant ainsi de 72,9% \u00e0 48,9%.<\/p>\n<p>Parmi les actifs de niveau d\u2019\u00e9ducation moyen[11], la baisse reste encore tr\u00e8s substantielle et s\u2019\u00e9l\u00e8ve \u00e0 21,6% ; le taux d\u2019appartenance aux classes moyennes passe de 82,3% \u00e0 64,5%. En revanche, parmi ceux dont le niveau d\u2019\u00e9ducation est \u00e9lev\u00e9, la baisse du taux d\u2019appartenance aux classes moyennes est consid\u00e9rablement plus faible : en passant de 73,3% \u00e0 66,6%, il a baiss\u00e9 de \u00ab seulement \u00bb 9,2% sur la p\u00e9riode 1985-2019, soit trois fois moins vite que le taux des personnes avec un niveau d\u2019\u00e9ducation faible.<\/p>\n<p><em><strong>Graphique : \u00c9volution de la part des personnes appartenant aux classes moyennes par niveau d\u2019\u00e9ducation<\/strong><\/em><\/p>\n<p><img decoding=\"async\" src=\"https:\/\/www.improof.lu\/app\/uploads\/2023\/09\/2.jpg\" \/><\/p>\n<p><span style=\"font-size: 8pt;\">Donn\u00e9es : Luxembourg Income Study (LIS) Database http:\/\/www.lisdatacenter.org (Juillet 2023) ; tableau et calculs : Auteur<\/span><\/p>\n<p>Or, ces ph\u00e9nom\u00e8nes de baisse de taux d\u2019appartenance \u00e0 la classe moyenne plus importante pour les faiblement \u00e9duqu\u00e9s que pour les autres se sont produits dans une p\u00e9riode pendant laquelle la part des personnes \u00e0 niveau d\u2019\u00e9ducation inf\u00e9rieur s\u2019est fortement r\u00e9duite. En effet, la part des personnes r\u00e9sidentes avec un niveau d\u2019\u00e9ducation inf\u00e9rieur a baiss\u00e9 de 77,3% en 1985 \u00e0 28,9% en 2019 ; soit une baisse de 63% ! Simultan\u00e9ment, la part de la population avec un niveau d\u2019\u00e9ducation moyen a plus que doubl\u00e9 entre 1985 et 1997 pour rester relativement constante par apr\u00e8s. Les individus avec un niveau d\u2019\u00e9ducation sup\u00e9rieur quant \u00e0 eux sont en constante progression : en 1985, ils repr\u00e9sentaient 5,2% de la population, alors qu&#8217;en 2019 ils sont plus de 35%, soit une multiplication par sept en 34 ans.<\/p>\n<p><em><strong>Graphique : L\u2019inflation des dipl\u00f4mes &#8211; \u00e9volution de la part des personnes avec un niveau d\u2019\u00e9ducation donn\u00e9<\/strong><\/em><\/p>\n<p><img decoding=\"async\" src=\"https:\/\/www.improof.lu\/app\/uploads\/2023\/09\/3.jpg\" \/><\/p>\n<p><span style=\"font-size: 8pt;\">Donn\u00e9es : Luxembourg Income Study (LIS) Database http:\/\/www.lisdatacenter.org (Juillet 2023) ; tableau et calculs : Auteur<\/span><\/p>\n<h2>La classe moyenne, \u00e9ternelle contributrice aux imp\u00f4ts<\/h2>\n<p>\u00c0 ces deux changements structurels de la population r\u00e9sidente s\u2019ajoute une autre dimension institutionnelle qui a contribu\u00e9 au d\u00e9clin des classes moyennes : l\u2019imp\u00f4t.<\/p>\n<p>Par sa force de r\u00e9duction des in\u00e9galit\u00e9s, voire de la polarisation au sein d\u2019une soci\u00e9t\u00e9, l\u2019imp\u00f4t, et plus particuli\u00e8rement l\u2019imp\u00f4t net, qui correspond \u00e0 la diff\u00e9rence entre imp\u00f4ts pay\u00e9s[12] et transferts sociaux per\u00e7us[13], constitue une variable d\u2019\u00e9norme importance.<\/p>\n<p>Or, en analysant l\u2019\u00e9volution du taux d\u2019imposition \u00ab effectif \u00bb, qui rapporte la diff\u00e9rence entre imp\u00f4ts pay\u00e9s et transferts sociaux per\u00e7us au revenu brut hors transferts sociaux, l\u2019on voit que la charge socio-fiscale a augment\u00e9 significativement pour les classes moyennes et inf\u00e9rieures tandis qu\u2019il n\u2019y a gu\u00e8re eu de changements pour les classes sup\u00e9rieures.<\/p>\n<p>En effet, le taux d\u2019imposition \u00ab effectif \u00bb m\u00e9dian des m\u00e9nages de la classe moyenne a progress\u00e9 de 13,2% en 2002[14] \u00e0 21,4% en 2019, ce qui correspond \u00e0 une hausse de plus de huit points de pourcentage et de 62%. Sur cette m\u00eame p\u00e9riode, la charge socio-fiscale sur les m\u00e9nages appartenant aux classes inf\u00e9rieures a progress\u00e9 de 2,5% \u00e0 10,9%, soit une hausse tout aussi importante en termes de points de pourcentage. En revanche, pour les m\u00e9nages des classes sup\u00e9rieures, le taux d\u2019imposition effectif n\u2019a quasiment pas chang\u00e9 ; il a m\u00eame l\u00e9g\u00e8rement recul\u00e9 de 22,1% \u00e0 21,6%.<\/p>\n<p>Comparativement aux classes sup\u00e9rieures, les classes moyennes et inf\u00e9rieures profitent de moins en moins de la progressivit\u00e9 du syst\u00e8me socio-fiscal. De fait, l\u2019\u00e9cart de l\u2019imp\u00f4t net devient de moins en moins important entre classes moyennes et classes sup\u00e9rieures ainsi qu\u2019entre classes inf\u00e9rieures et classes sup\u00e9rieures.<\/p>\n<p><em><strong>Graphique : L\u2019\u00e9volution du taux d\u2019imposition effectif m\u00e9dian selon la classe sociale<\/strong><\/em><\/p>\n<p><img decoding=\"async\" src=\"https:\/\/www.improof.lu\/app\/uploads\/2023\/09\/4.jpg\" \/><\/p>\n<p><span style=\"font-size: 8pt;\">Donn\u00e9es : Luxembourg Income Study (LIS) Database http:\/\/www.lisdatacenter.org (Juillet 2023) ; tableau et calculs : Auteur<\/span><\/p>\n<p>Ce d\u00e9s\u00e9quilibre entre l\u2019\u00e9volution des imp\u00f4ts nets pay\u00e9s peut d\u2019ailleurs aussi \u00eatre illustr\u00e9 en analysant combien les diff\u00e9rentes classes sociales contribuent au financement du syst\u00e8me socio-fiscal.<\/p>\n<p>Or, il appert que les classes moyennes financent en 2019 72,8% du syst\u00e8me socio-fiscal, les classes inf\u00e9rieures le financent \u00e0 hauteur de 2,1% et les classes sup\u00e9rieures supportent 25,1% de la contribution socio-fiscale. \u00c9tant donn\u00e9 que les classes inf\u00e9rieures repr\u00e9sentent 29,5% des m\u00e9nages, mais qu\u2019elles ne contribuent qu\u2019\u00e0 hauteur de 2,1% au syst\u00e8me socio-fiscal, l\u2019on peut dire qu\u2019il existe bel et bien une redistribution du haut vers le bas au sein du syst\u00e8me. Par extension \u00e0 ce raisonnement, il est notable que, vu que la classe moyenne repr\u00e9sente 61,4% des m\u00e9nages, mais qu\u2019elle finance 72,8% du syst\u00e8me, la redistribution se fait en partie aux d\u00e9pens de la classe moyenne. De mani\u00e8re peu surprenante, les classes sup\u00e9rieures paient une part du syst\u00e8me qui est plus importante que leur poids dans la soci\u00e9t\u00e9 (21,6% du financement contre 9,1% des m\u00e9nages).<\/p>\n<p>En analysant l\u2019\u00e9volution de cette contribution fiscale apport\u00e9e par les diff\u00e9rentes classes sociales, une moyennisation de la charge fiscale peut \u00eatre observ\u00e9e, aux profits des classes sup\u00e9rieures et aux d\u00e9pens des classes moyennes ! Entre 2002 et 2019, la part que les classes moyennes supportent dans le financement du syst\u00e8me socio-fiscal redistributif a augment\u00e9 de 66,4% \u00e0 72,8% alors que la part des m\u00e9nages appartenant \u00e0 la classe moyenne a baiss\u00e9 sur la m\u00eame p\u00e9riode de 68,3% \u00e0 61,4% ! Autrement dit, alors qu\u2019elles deviennent de moins en moins nombreuses, les couches moyennes de la population supportent une part de plus en plus \u00e9lev\u00e9e de la charge fiscale.<\/p>\n<p>En revanche, la part du syst\u00e8me fiscal financ\u00e9e par les classes sup\u00e9rieures a baiss\u00e9 de 33,7% \u00e0 25,1% alors que les classes sup\u00e9rieures sont devenues significativement plus nombreuses au cours de cette p\u00e9riode.<\/p>\n<p><em><strong>Graphique : L\u2019\u00e9volution du financement du syst\u00e8me socio-fiscal<\/strong><\/em><\/p>\n<p><img decoding=\"async\" src=\"https:\/\/www.improof.lu\/app\/uploads\/2023\/09\/5.jpg\" \/><\/p>\n<p><span style=\"font-size: 8pt;\">Donn\u00e9es : Luxembourg Income Study (LIS) Database http:\/\/www.lisdatacenter.org (Juillet 2023) ; tableau et calculs : Auteur<\/span><\/p>\n<p style=\"text-align: center;\">***<\/p>\n<p>Il s\u2019ensuit que, si les changements structurels de la population et du march\u00e9 du travail sont difficilement, voire pas du tout contr\u00f4lables, le levier d\u2019action doit se porter sur les facteurs institutionnels qui compriment les classes moyennes. Une <a href=\"https:\/\/www.improof.lu\/fr\/articles\/pour-une-imposition-plus-juste-du-capital-en-vue-de-reduire-les-inegalites\/\" target=\"_blank\" rel=\"noopener\"><span style=\"text-decoration: underline;\">r\u00e9forme fiscale juste<\/span><\/a>, <a href=\"https:\/\/www.improof.lu\/fr\/articles\/le-faible-systeme-redistributif-luxembourgeois\/\" target=\"_blank\" rel=\"noopener\"><span style=\"text-decoration: underline;\">augmentant l\u2019efficacit\u00e9 du syst\u00e8me socio-fiscal<\/span><\/a> \u00e0 r\u00e9duire les in\u00e9galit\u00e9s, est primordiale pour revenir sur le chemin de la moyennisation de la soci\u00e9t\u00e9 luxembourgeoise, pour consolider la position des classes moyennes et pour aider les classes inf\u00e9rieures \u00e0 s\u2019en sortir. Un aplatissement du <strong><em>M\u00ebttelstandsbockel<\/em><\/strong> par des all\u00e8gements fiscaux pour une tr\u00e8s vaste partie des m\u00e9nages, une hausse du taux d\u2019imposition marginal pour les tr\u00e8s hauts revenus, une \u00e9galisation entre imposition des revenus des capitaux et des revenus du travail et une indexation du bar\u00e8me \u00e0 l\u2019inflation sont certaines d\u2019une multitude de pistes \u00e0 suivre.<\/p>\n<p>Une r\u00e9action d\u00e9cid\u00e9e et ferme est n\u00e9cessaire, car l\u2019enjeu n\u2019est pas le moindre ; selon Louis Chauvel \u00ab L\u2019\u00e9cart entre les promesses de progression et le constat du d\u00e9clin, la frustration qui en r\u00e9sulte, suscitent un rejet g\u00e9n\u00e9ral du syst\u00e8me politique d\u00e9mocratique, fossilis\u00e9 dans ses certitudes de stabilit\u00e9 et de rationalit\u00e9, notions oblit\u00e9r\u00e9es par le d\u00e9classement syst\u00e9mique. \u00bb<\/p>\n","protected":false},"excerpt":{"rendered":"<p>Le d\u00e9clin des classes moyennes, qui ne repr\u00e9sente rien d\u2019autre qu\u2019une mont\u00e9e de la polarisation sociale, n\u2019est pas une fatalit\u00e9. Il s\u2019agit d\u2019une r\u00e9alit\u00e9 \u00e9conomique et sociale que subissent les m\u00e9nages pour des raisons \u00e0 la fois structurelles et politiques.<\/p>\n","protected":false},"author":8,"featured_media":0,"comment_status":"open","ping_status":"open","sticky":false,"template":"","format":"standard","meta":{"_acf_changed":false,"footnotes":""},"categories":[2],"tags":[],"class_list":["post-1335","post","type-post","status-publish","format-standard","hentry","category-non-classifiee","topic-fiscalite","topic-travail","format-text-fr"],"acf":[],"yoast_head":"<!-- This site is optimized with the Yoast SEO plugin v23.9 - https:\/\/yoast.com\/wordpress\/plugins\/seo\/ -->\n<title>Zoom sur le d\u00e9clin des classes moyennes - Improof<\/title>\n<meta name=\"robots\" content=\"index, follow, max-snippet:-1, max-image-preview:large, max-video-preview:-1\" \/>\n<link rel=\"canonical\" href=\"https:\/\/www.improof.lu\/fr\/articles\/classes-moyennes-2\/\" \/>\n<meta property=\"og:locale\" content=\"fr_FR\" \/>\n<meta property=\"og:type\" content=\"article\" \/>\n<meta property=\"og:title\" content=\"Zoom sur le d\u00e9clin des classes moyennes\" \/>\n<meta property=\"og:description\" content=\"Le d\u00e9clin des classes moyennes, qui ne repr\u00e9sente rien d\u2019autre qu\u2019une mont\u00e9e de la polarisation sociale, n\u2019est pas une fatalit\u00e9. Il s\u2019agit d\u2019une r\u00e9alit\u00e9 \u00e9conomique et sociale que subissent les m\u00e9nages pour des raisons \u00e0 la fois structurelles et politiques.\" \/>\n<meta property=\"og:url\" content=\"https:\/\/www.improof.lu\/fr\/articles\/classes-moyennes-2\/\" \/>\n<meta property=\"og:site_name\" content=\"Improof\" \/>\n<meta property=\"article:published_time\" content=\"2023-09-27T13:15:42+00:00\" \/>\n<meta property=\"article:modified_time\" content=\"2024-01-31T15:16:28+00:00\" \/>\n<meta property=\"og:image\" content=\"https:\/\/www.improof.lu\/app\/uploads\/2023\/09\/belval.jpg\" \/>\n\t<meta property=\"og:image:width\" content=\"1920\" \/>\n\t<meta property=\"og:image:height\" content=\"1440\" \/>\n\t<meta property=\"og:image:type\" content=\"image\/jpeg\" \/>\n<meta name=\"author\" content=\"Dylan Theis\" \/>\n<meta name=\"twitter:card\" content=\"summary_large_image\" \/>\n<meta name=\"twitter:title\" content=\"Zoom sur le d\u00e9clin des classes moyennes\" \/>\n<meta name=\"twitter:description\" content=\"Le d\u00e9clin des classes moyennes, qui ne repr\u00e9sente rien d\u2019autre qu\u2019une mont\u00e9e de la polarisation sociale, n\u2019est pas une fatalit\u00e9. Il s\u2019agit d\u2019une r\u00e9alit\u00e9 \u00e9conomique et sociale que subissent les m\u00e9nages pour des raisons \u00e0 la fois structurelles et politiques.\" \/>\n<meta name=\"twitter:image\" content=\"https:\/\/www.improof.lu\/app\/uploads\/2023\/09\/belval.jpg\" \/>\n<meta name=\"twitter:label1\" content=\"Written by\" \/>\n\t<meta name=\"twitter:data1\" content=\"Dylan Theis\" \/>\n\t<meta name=\"twitter:label2\" content=\"Est. reading time\" \/>\n\t<meta name=\"twitter:data2\" content=\"10 minutes\" \/>\n<script type=\"application\/ld+json\" class=\"yoast-schema-graph\">{\"@context\":\"https:\/\/schema.org\",\"@graph\":[{\"@type\":\"Article\",\"@id\":\"https:\/\/www.improof.lu\/fr\/articles\/classes-moyennes-2\/#article\",\"isPartOf\":{\"@id\":\"https:\/\/www.improof.lu\/fr\/articles\/classes-moyennes-2\/\"},\"author\":{\"name\":\"Dylan Theis\",\"@id\":\"https:\/\/www.improof.lu\/fr\/#\/schema\/person\/7aaf2286464ae00d2447ba7811787c41\"},\"headline\":\"Zoom sur le d\u00e9clin des classes moyennes\",\"datePublished\":\"2023-09-27T13:15:42+00:00\",\"dateModified\":\"2024-01-31T15:16:28+00:00\",\"mainEntityOfPage\":{\"@id\":\"https:\/\/www.improof.lu\/fr\/articles\/classes-moyennes-2\/\"},\"wordCount\":2057,\"commentCount\":0,\"publisher\":{\"@id\":\"https:\/\/www.improof.lu\/fr\/#organization\"},\"image\":{\"@id\":\"https:\/\/www.improof.lu\/fr\/articles\/classes-moyennes-2\/#primaryimage\"},\"thumbnailUrl\":\"https:\/\/www.improof.lu\/app\/uploads\/2023\/09\/1.jpg\",\"articleSection\":[\"Non classifi\u00e9(e)\"],\"inLanguage\":\"fr-FR\",\"potentialAction\":[{\"@type\":\"CommentAction\",\"name\":\"Comment\",\"target\":[\"https:\/\/www.improof.lu\/fr\/articles\/classes-moyennes-2\/#respond\"]}]},{\"@type\":\"WebPage\",\"@id\":\"https:\/\/www.improof.lu\/fr\/articles\/classes-moyennes-2\/\",\"url\":\"https:\/\/www.improof.lu\/fr\/articles\/classes-moyennes-2\/\",\"name\":\"Zoom sur le d\u00e9clin des classes moyennes - Improof\",\"isPartOf\":{\"@id\":\"https:\/\/www.improof.lu\/fr\/#website\"},\"primaryImageOfPage\":{\"@id\":\"https:\/\/www.improof.lu\/fr\/articles\/classes-moyennes-2\/#primaryimage\"},\"image\":{\"@id\":\"https:\/\/www.improof.lu\/fr\/articles\/classes-moyennes-2\/#primaryimage\"},\"thumbnailUrl\":\"https:\/\/www.improof.lu\/app\/uploads\/2023\/09\/1.jpg\",\"datePublished\":\"2023-09-27T13:15:42+00:00\",\"dateModified\":\"2024-01-31T15:16:28+00:00\",\"breadcrumb\":{\"@id\":\"https:\/\/www.improof.lu\/fr\/articles\/classes-moyennes-2\/#breadcrumb\"},\"inLanguage\":\"fr-FR\",\"potentialAction\":[{\"@type\":\"ReadAction\",\"target\":[\"https:\/\/www.improof.lu\/fr\/articles\/classes-moyennes-2\/\"]}]},{\"@type\":\"ImageObject\",\"inLanguage\":\"fr-FR\",\"@id\":\"https:\/\/www.improof.lu\/fr\/articles\/classes-moyennes-2\/#primaryimage\",\"url\":\"https:\/\/www.improof.lu\/app\/uploads\/2023\/09\/1.jpg\",\"contentUrl\":\"https:\/\/www.improof.lu\/app\/uploads\/2023\/09\/1.jpg\"},{\"@type\":\"BreadcrumbList\",\"@id\":\"https:\/\/www.improof.lu\/fr\/articles\/classes-moyennes-2\/#breadcrumb\",\"itemListElement\":[{\"@type\":\"ListItem\",\"position\":1,\"name\":\"Home\",\"item\":\"https:\/\/www.improof.lu\/fr\/\"},{\"@type\":\"ListItem\",\"position\":2,\"name\":\"Zoom sur le d\u00e9clin des classes moyennes\"}]},{\"@type\":\"WebSite\",\"@id\":\"https:\/\/www.improof.lu\/fr\/#website\",\"url\":\"https:\/\/www.improof.lu\/fr\/\",\"name\":\"Improof\",\"description\":\"Tagline goes here\",\"publisher\":{\"@id\":\"https:\/\/www.improof.lu\/fr\/#organization\"},\"potentialAction\":[{\"@type\":\"SearchAction\",\"target\":{\"@type\":\"EntryPoint\",\"urlTemplate\":\"https:\/\/www.improof.lu\/fr\/?s={search_term_string}\"},\"query-input\":{\"@type\":\"PropertyValueSpecification\",\"valueRequired\":true,\"valueName\":\"search_term_string\"}}],\"inLanguage\":\"fr-FR\"},{\"@type\":\"Organization\",\"@id\":\"https:\/\/www.improof.lu\/fr\/#organization\",\"name\":\"Improof\",\"url\":\"https:\/\/www.improof.lu\/fr\/\",\"logo\":{\"@type\":\"ImageObject\",\"inLanguage\":\"fr-FR\",\"@id\":\"https:\/\/www.improof.lu\/fr\/#\/schema\/logo\/image\/\",\"url\":\"https:\/\/www.improof.lu\/app\/uploads\/2022\/10\/improof-logo-svg.png\",\"contentUrl\":\"https:\/\/www.improof.lu\/app\/uploads\/2022\/10\/improof-logo-svg.png\",\"width\":652,\"height\":209,\"caption\":\"Improof\"},\"image\":{\"@id\":\"https:\/\/www.improof.lu\/fr\/#\/schema\/logo\/image\/\"}},{\"@type\":\"Person\",\"@id\":\"https:\/\/www.improof.lu\/fr\/#\/schema\/person\/7aaf2286464ae00d2447ba7811787c41\",\"name\":\"Dylan Theis\",\"image\":{\"@type\":\"ImageObject\",\"inLanguage\":\"fr-FR\",\"@id\":\"https:\/\/www.improof.lu\/fr\/#\/schema\/person\/image\/\",\"url\":\"https:\/\/secure.gravatar.com\/avatar\/1991007fbb4e5a769ee7f0a6a6cc3d0c?s=96&d=mm&r=g\",\"contentUrl\":\"https:\/\/secure.gravatar.com\/avatar\/1991007fbb4e5a769ee7f0a6a6cc3d0c?s=96&d=mm&r=g\",\"caption\":\"Dylan Theis\"},\"url\":\"https:\/\/www.improof.lu\/fr\/articles\/author\/dylan-theis\/\"}]}<\/script>\n<!-- \/ Yoast SEO plugin. -->","yoast_head_json":{"title":"Zoom sur le d\u00e9clin des classes moyennes - Improof","robots":{"index":"index","follow":"follow","max-snippet":"max-snippet:-1","max-image-preview":"max-image-preview:large","max-video-preview":"max-video-preview:-1"},"canonical":"https:\/\/www.improof.lu\/fr\/articles\/classes-moyennes-2\/","og_locale":"fr_FR","og_type":"article","og_title":"Zoom sur le d\u00e9clin des classes moyennes","og_description":"Le d\u00e9clin des classes moyennes, qui ne repr\u00e9sente rien d\u2019autre qu\u2019une mont\u00e9e de la polarisation sociale, n\u2019est pas une fatalit\u00e9. Il s\u2019agit d\u2019une r\u00e9alit\u00e9 \u00e9conomique et sociale que subissent les m\u00e9nages pour des raisons \u00e0 la fois structurelles et politiques.","og_url":"https:\/\/www.improof.lu\/fr\/articles\/classes-moyennes-2\/","og_site_name":"Improof","article_published_time":"2023-09-27T13:15:42+00:00","article_modified_time":"2024-01-31T15:16:28+00:00","og_image":[{"width":1920,"height":1440,"url":"https:\/\/www.improof.lu\/app\/uploads\/2023\/09\/belval.jpg","type":"image\/jpeg"}],"author":"Dylan Theis","twitter_card":"summary_large_image","twitter_title":"Zoom sur le d\u00e9clin des classes moyennes","twitter_description":"Le d\u00e9clin des classes moyennes, qui ne repr\u00e9sente rien d\u2019autre qu\u2019une mont\u00e9e de la polarisation sociale, n\u2019est pas une fatalit\u00e9. Il s\u2019agit d\u2019une r\u00e9alit\u00e9 \u00e9conomique et sociale que subissent les m\u00e9nages pour des raisons \u00e0 la fois structurelles et politiques.","twitter_image":"https:\/\/www.improof.lu\/app\/uploads\/2023\/09\/belval.jpg","twitter_misc":{"Written by":"Dylan Theis","Est. reading time":"10 minutes"},"schema":{"@context":"https:\/\/schema.org","@graph":[{"@type":"Article","@id":"https:\/\/www.improof.lu\/fr\/articles\/classes-moyennes-2\/#article","isPartOf":{"@id":"https:\/\/www.improof.lu\/fr\/articles\/classes-moyennes-2\/"},"author":{"name":"Dylan Theis","@id":"https:\/\/www.improof.lu\/fr\/#\/schema\/person\/7aaf2286464ae00d2447ba7811787c41"},"headline":"Zoom sur le d\u00e9clin des classes moyennes","datePublished":"2023-09-27T13:15:42+00:00","dateModified":"2024-01-31T15:16:28+00:00","mainEntityOfPage":{"@id":"https:\/\/www.improof.lu\/fr\/articles\/classes-moyennes-2\/"},"wordCount":2057,"commentCount":0,"publisher":{"@id":"https:\/\/www.improof.lu\/fr\/#organization"},"image":{"@id":"https:\/\/www.improof.lu\/fr\/articles\/classes-moyennes-2\/#primaryimage"},"thumbnailUrl":"https:\/\/www.improof.lu\/app\/uploads\/2023\/09\/1.jpg","articleSection":["Non classifi\u00e9(e)"],"inLanguage":"fr-FR","potentialAction":[{"@type":"CommentAction","name":"Comment","target":["https:\/\/www.improof.lu\/fr\/articles\/classes-moyennes-2\/#respond"]}]},{"@type":"WebPage","@id":"https:\/\/www.improof.lu\/fr\/articles\/classes-moyennes-2\/","url":"https:\/\/www.improof.lu\/fr\/articles\/classes-moyennes-2\/","name":"Zoom sur le d\u00e9clin des classes moyennes - Improof","isPartOf":{"@id":"https:\/\/www.improof.lu\/fr\/#website"},"primaryImageOfPage":{"@id":"https:\/\/www.improof.lu\/fr\/articles\/classes-moyennes-2\/#primaryimage"},"image":{"@id":"https:\/\/www.improof.lu\/fr\/articles\/classes-moyennes-2\/#primaryimage"},"thumbnailUrl":"https:\/\/www.improof.lu\/app\/uploads\/2023\/09\/1.jpg","datePublished":"2023-09-27T13:15:42+00:00","dateModified":"2024-01-31T15:16:28+00:00","breadcrumb":{"@id":"https:\/\/www.improof.lu\/fr\/articles\/classes-moyennes-2\/#breadcrumb"},"inLanguage":"fr-FR","potentialAction":[{"@type":"ReadAction","target":["https:\/\/www.improof.lu\/fr\/articles\/classes-moyennes-2\/"]}]},{"@type":"ImageObject","inLanguage":"fr-FR","@id":"https:\/\/www.improof.lu\/fr\/articles\/classes-moyennes-2\/#primaryimage","url":"https:\/\/www.improof.lu\/app\/uploads\/2023\/09\/1.jpg","contentUrl":"https:\/\/www.improof.lu\/app\/uploads\/2023\/09\/1.jpg"},{"@type":"BreadcrumbList","@id":"https:\/\/www.improof.lu\/fr\/articles\/classes-moyennes-2\/#breadcrumb","itemListElement":[{"@type":"ListItem","position":1,"name":"Home","item":"https:\/\/www.improof.lu\/fr\/"},{"@type":"ListItem","position":2,"name":"Zoom sur le d\u00e9clin des classes moyennes"}]},{"@type":"WebSite","@id":"https:\/\/www.improof.lu\/fr\/#website","url":"https:\/\/www.improof.lu\/fr\/","name":"Improof","description":"Tagline goes here","publisher":{"@id":"https:\/\/www.improof.lu\/fr\/#organization"},"potentialAction":[{"@type":"SearchAction","target":{"@type":"EntryPoint","urlTemplate":"https:\/\/www.improof.lu\/fr\/?s={search_term_string}"},"query-input":{"@type":"PropertyValueSpecification","valueRequired":true,"valueName":"search_term_string"}}],"inLanguage":"fr-FR"},{"@type":"Organization","@id":"https:\/\/www.improof.lu\/fr\/#organization","name":"Improof","url":"https:\/\/www.improof.lu\/fr\/","logo":{"@type":"ImageObject","inLanguage":"fr-FR","@id":"https:\/\/www.improof.lu\/fr\/#\/schema\/logo\/image\/","url":"https:\/\/www.improof.lu\/app\/uploads\/2022\/10\/improof-logo-svg.png","contentUrl":"https:\/\/www.improof.lu\/app\/uploads\/2022\/10\/improof-logo-svg.png","width":652,"height":209,"caption":"Improof"},"image":{"@id":"https:\/\/www.improof.lu\/fr\/#\/schema\/logo\/image\/"}},{"@type":"Person","@id":"https:\/\/www.improof.lu\/fr\/#\/schema\/person\/7aaf2286464ae00d2447ba7811787c41","name":"Dylan Theis","image":{"@type":"ImageObject","inLanguage":"fr-FR","@id":"https:\/\/www.improof.lu\/fr\/#\/schema\/person\/image\/","url":"https:\/\/secure.gravatar.com\/avatar\/1991007fbb4e5a769ee7f0a6a6cc3d0c?s=96&d=mm&r=g","contentUrl":"https:\/\/secure.gravatar.com\/avatar\/1991007fbb4e5a769ee7f0a6a6cc3d0c?s=96&d=mm&r=g","caption":"Dylan Theis"},"url":"https:\/\/www.improof.lu\/fr\/articles\/author\/dylan-theis\/"}]}},"_links":{"self":[{"href":"https:\/\/www.improof.lu\/fr\/wp-json\/wp\/v2\/posts\/1335","targetHints":{"allow":["GET"]}}],"collection":[{"href":"https:\/\/www.improof.lu\/fr\/wp-json\/wp\/v2\/posts"}],"about":[{"href":"https:\/\/www.improof.lu\/fr\/wp-json\/wp\/v2\/types\/post"}],"author":[{"embeddable":true,"href":"https:\/\/www.improof.lu\/fr\/wp-json\/wp\/v2\/users\/8"}],"replies":[{"embeddable":true,"href":"https:\/\/www.improof.lu\/fr\/wp-json\/wp\/v2\/comments?post=1335"}],"version-history":[{"count":22,"href":"https:\/\/www.improof.lu\/fr\/wp-json\/wp\/v2\/posts\/1335\/revisions"}],"predecessor-version":[{"id":1726,"href":"https:\/\/www.improof.lu\/fr\/wp-json\/wp\/v2\/posts\/1335\/revisions\/1726"}],"wp:attachment":[{"href":"https:\/\/www.improof.lu\/fr\/wp-json\/wp\/v2\/media?parent=1335"}],"wp:term":[{"taxonomy":"category","embeddable":true,"href":"https:\/\/www.improof.lu\/fr\/wp-json\/wp\/v2\/categories?post=1335"},{"taxonomy":"post_tag","embeddable":true,"href":"https:\/\/www.improof.lu\/fr\/wp-json\/wp\/v2\/tags?post=1335"}],"curies":[{"name":"wp","href":"https:\/\/api.w.org\/{rel}","templated":true}]}}